{"id":31587,"date":"2023-08-21T17:52:34","date_gmt":"2023-08-21T15:52:34","guid":{"rendered":"https:\/\/tax-services.ch\/?p=31587"},"modified":"2024-07-30T11:51:29","modified_gmt":"2024-07-30T09:51:29","slug":"suppression-des-droits-de-douane","status":"publish","type":"post","link":"https:\/\/www.tax-services.ch\/fr\/suppression-des-droits-de-douane\/","title":{"rendered":"Suppression des droits de douane \u00e0 partir du 01.01.2024"},"content":{"rendered":"\t\t<div data-elementor-type=\"wp-post\" data-elementor-id=\"31587\" class=\"elementor elementor-31587\" data-elementor-post-type=\"post\">\n\t\t\t\t\t\t<section class=\"elementor-section elementor-top-section elementor-element elementor-element-f4a5134 elementor-section-full_width elementor-section-height-default elementor-section-height-default\" data-id=\"f4a5134\" data-element_type=\"section\" data-e-type=\"section\">\n\t\t\t\t\t\t<div class=\"elementor-container elementor-column-gap-default\">\n\t\t\t\t\t<div class=\"elementor-column elementor-col-100 elementor-top-column elementor-element elementor-element-654cac2\" data-id=\"654cac2\" data-element_type=\"column\" data-e-type=\"column\">\n\t\t\t<div class=\"elementor-widget-wrap elementor-element-populated\">\n\t\t\t\t\t\t<div class=\"elementor-element elementor-element-67496fa elementor-widget elementor-widget-heading\" data-id=\"67496fa\" data-element_type=\"widget\" data-e-type=\"widget\" data-widget_type=\"heading.default\">\n\t\t\t\t<div class=\"elementor-widget-container\">\n\t\t\t\t\t<h2 class=\"elementor-heading-title elementor-size-default\">Suppression taxe douani\u00e8re en Suisse<\/h2>\t\t\t\t<\/div>\n\t\t\t\t<\/div>\n\t\t\t\t<div class=\"elementor-element elementor-element-9ee8ea4 elementor-widget elementor-widget-text-editor\" data-id=\"9ee8ea4\" data-element_type=\"widget\" data-e-type=\"widget\" data-widget_type=\"text-editor.default\">\n\t\t\t\t<div class=\"elementor-widget-container\">\n\t\t\t\t\t\t\t\t\t<p>\u00c0 partir du 1er janvier 2024, la suppression des droits de douane sur les produits industriels entrera en vigueur. En effet la Suisse a d\u00e9cid\u00e9 de supprimer les droits de douane \u00e9galement connu sous le nom de\u00ab\u00a0taxe de douane\u00a0\u00bb.<\/p><p>Cette d\u00e9cision vise \u00e0 faciliter le commerce interne et \u00e0 renforcer la comp\u00e9titivit\u00e9 des entreprises suisses sur le plan international. Cela signifie que les produits industriels pourront \u00eatre import\u00e9s en Suisse sans frais suppl\u00e9mentaires, offrant ainsi des avantages tant pour les consommateurs que pour les entreprises.<\/p><p>Vous pouvez trouver la liste des cat\u00e9gories de marchandise exempt\u00e9s de droit de douane dans l\u2019<a href=\"https:\/\/www.bazg.admin.ch\/dam\/bazg\/fr\/dokumente\/verfahren-betrieb\/grundlagen-und-wirtschaftsmassnahmen\/zolltarif\/tares\/Verordnung%20%C3%BCber%20die%20%C3%84nderung%20des%20Zolltarifs%20vom%2015.%20Februar%202023%20(IZA).pdf.download.pdf\/ordonnancemodifiantletarifdesdouanes.pdf\" data-wplink-edit=\"true\" target=\"_blank\" rel=\"noopener\">Ordonnance du 15 f\u00e9vrier 2023 modifiant le tarif des douanes<\/a>.<\/p>\t\t\t\t\t\t\t\t<\/div>\n\t\t\t\t<\/div>\n\t\t\t\t<div class=\"elementor-element elementor-element-4e7d887 elementor-widget elementor-widget-heading\" data-id=\"4e7d887\" data-element_type=\"widget\" data-e-type=\"widget\" data-widget_type=\"heading.default\">\n\t\t\t\t<div class=\"elementor-widget-container\">\n\t\t\t\t\t<h2 class=\"elementor-heading-title elementor-size-default\">Qu\u2019est-ce qui ne change pas ?<\/h2>\t\t\t\t<\/div>\n\t\t\t\t<\/div>\n\t\t\t\t<div class=\"elementor-element elementor-element-186a2bc elementor-widget elementor-widget-heading\" data-id=\"186a2bc\" data-element_type=\"widget\" data-e-type=\"widget\" data-widget_type=\"heading.default\">\n\t\t\t\t<div class=\"elementor-widget-container\">\n\t\t\t\t\t<h3 class=\"elementor-heading-title elementor-size-default\">D\u00e9claration en douane <\/h3>\t\t\t\t<\/div>\n\t\t\t\t<\/div>\n\t\t\t\t<div class=\"elementor-element elementor-element-232464b elementor-widget elementor-widget-text-editor\" data-id=\"232464b\" data-element_type=\"widget\" data-e-type=\"widget\" data-widget_type=\"text-editor.default\">\n\t\t\t\t<div class=\"elementor-widget-container\">\n\t\t\t\t\t\t\t\t\t<p>L\u2019obligation de d\u00e9claration en douane est maintenue y compris la d\u00e9claration correcte des num\u00e9ros de tarif douanier des marchandises \u00e0 importer.<\/p>\t\t\t\t\t\t\t\t<\/div>\n\t\t\t\t<\/div>\n\t\t\t\t<div class=\"elementor-element elementor-element-276d09e elementor-widget elementor-widget-heading\" data-id=\"276d09e\" data-element_type=\"widget\" data-e-type=\"widget\" data-widget_type=\"heading.default\">\n\t\t\t\t<div class=\"elementor-widget-container\">\n\t\t\t\t\t<h3 class=\"elementor-heading-title elementor-size-default\">Imp\u00f4ts et taxes d\u2019importations<\/h3>\t\t\t\t<\/div>\n\t\t\t\t<\/div>\n\t\t\t\t<div class=\"elementor-element elementor-element-bd4a10e elementor-widget elementor-widget-text-editor\" data-id=\"bd4a10e\" data-element_type=\"widget\" data-e-type=\"widget\" data-widget_type=\"text-editor.default\">\n\t\t\t\t<div class=\"elementor-widget-container\">\n\t\t\t\t\t\t\t\t\t<p>Pas de changement \u00e0 ce niveau-l\u00e0, l\u2019imp\u00f4t sur les huiles min\u00e9rales, imp\u00f4t sur les automobiles, TVA et la taxe d&rsquo;incitation COV, etc. restent dus.<\/p>\t\t\t\t\t\t\t\t<\/div>\n\t\t\t\t<\/div>\n\t\t\t\t<div class=\"elementor-element elementor-element-286ed35 elementor-widget elementor-widget-heading\" data-id=\"286ed35\" data-element_type=\"widget\" data-e-type=\"widget\" data-widget_type=\"heading.default\">\n\t\t\t\t<div class=\"elementor-widget-container\">\n\t\t\t\t\t<h3 class=\"elementor-heading-title elementor-size-default\">Produits agricoles<\/h3>\t\t\t\t<\/div>\n\t\t\t\t<\/div>\n\t\t\t\t<div class=\"elementor-element elementor-element-fcd3e69 elementor-widget elementor-widget-text-editor\" data-id=\"fcd3e69\" data-element_type=\"widget\" data-e-type=\"widget\" data-widget_type=\"text-editor.default\">\n\t\t\t\t<div class=\"elementor-widget-container\">\n\t\t\t\t\t\t\t\t\t<p>Le droit de douane au poids pour les produits agricoles est maintenu.<\/p>\t\t\t\t\t\t\t\t<\/div>\n\t\t\t\t<\/div>\n\t\t\t\t<div class=\"elementor-element elementor-element-4b5e4cb elementor-widget elementor-widget-heading\" data-id=\"4b5e4cb\" data-element_type=\"widget\" data-e-type=\"widget\" data-widget_type=\"heading.default\">\n\t\t\t\t<div class=\"elementor-widget-container\">\n\t\t\t\t\t<h3 class=\"elementor-heading-title elementor-size-default\">Processus de d\u00e9douanement <\/h3>\t\t\t\t<\/div>\n\t\t\t\t<\/div>\n\t\t\t\t<div class=\"elementor-element elementor-element-9513d4e elementor-widget elementor-widget-text-editor\" data-id=\"9513d4e\" data-element_type=\"widget\" data-e-type=\"widget\" data-widget_type=\"text-editor.default\">\n\t\t\t\t<div class=\"elementor-widget-container\">\n\t\t\t\t\t\t\t\t\t<p>Aucun changement, mais l&rsquo;introduction du nouveau syst\u00e8me \u00abPassar\u00bb devrait simplifier et all\u00e9ger la charge administrative pour tous les intervenants.<\/p>\t\t\t\t\t\t\t\t<\/div>\n\t\t\t\t<\/div>\n\t\t\t\t<div class=\"elementor-element elementor-element-ac8d235 elementor-widget elementor-widget-heading\" data-id=\"ac8d235\" data-element_type=\"widget\" data-e-type=\"widget\" data-widget_type=\"heading.default\">\n\t\t\t\t<div class=\"elementor-widget-container\">\n\t\t\t\t\t<h2 class=\"elementor-heading-title elementor-size-default\">FAQ - Suppression taxe douane<\/h2>\t\t\t\t<\/div>\n\t\t\t\t<\/div>\n\t\t\t\t<div class=\"elementor-element elementor-element-fce7176 elementor-widget elementor-widget-toggle\" data-id=\"fce7176\" data-element_type=\"widget\" data-e-type=\"widget\" data-widget_type=\"toggle.default\">\n\t\t\t\t<div class=\"elementor-widget-container\">\n\t\t\t\t\t\t\t<div class=\"elementor-toggle\">\n\t\t\t\t\t\t\t<div class=\"elementor-toggle-item\">\n\t\t\t\t\t<div id=\"elementor-tab-title-2651\" class=\"elementor-tab-title\" data-tab=\"1\" role=\"button\" aria-controls=\"elementor-tab-content-2651\" aria-expanded=\"false\">\n\t\t\t\t\t\t\t\t\t\t\t\t<span class=\"elementor-toggle-icon elementor-toggle-icon-right\" aria-hidden=\"true\">\n\t\t\t\t\t\t\t\t\t\t\t\t\t\t\t<span class=\"elementor-toggle-icon-closed\"><svg xmlns=\"http:\/\/www.w3.org\/2000\/svg\" id=\"a1e64e0c-4c41-4fca-8542-7a49c6092caa\" data-name=\"Layer 1\" width=\"16.9661\" height=\"16.9661\" viewBox=\"0 0 16.9661 16.9661\"><defs><style>.aed1427e-e5ff-4359-b373-334313c48315{fill:#1c2448;}<\/style><\/defs><path class=\"aed1427e-e5ff-4359-b373-334313c48315\" d=\"M8.8969,16.966V8.9071h8.0692V8.1012H8.8969V0H8.0693V8.1012H0v.8059H8.0693V16.966Z\" transform=\"translate(0 0.0001)\"><\/path><\/svg><\/span>\n\t\t\t\t\t\t\t\t<span class=\"elementor-toggle-icon-opened\"><svg xmlns=\"http:\/\/www.w3.org\/2000\/svg\" id=\"ef88faed-b140-41a0-9417-c1651f3bd4fc\" data-name=\"Layer 1\" width=\"13.785\" height=\"1.0074\" viewBox=\"0 0 13.785 1.0074\"><defs><style>.e3c7dd86-9752-467e-8574-885a4e9461bb{fill:#1c2448;}<\/style><\/defs><path class=\"e3c7dd86-9752-467e-8574-885a4e9461bb\" d=\"M13.785,1.0338V.0265H0V1.0338Z\" transform=\"translate(0 -0.0265)\"><\/path><\/svg><\/span>\n\t\t\t\t\t\t\t\t\t\t\t\t\t<\/span>\n\t\t\t\t\t\t\t\t\t\t\t\t<a class=\"elementor-toggle-title\" tabindex=\"0\">Quels sont les changements en mati\u00e8re de d\u00e9claration d\u2019importation apr\u00e8s la suppression des droits de douane industriels ? <\/a>\n\t\t\t\t\t<\/div>\n\n\t\t\t\t\t<div id=\"elementor-tab-content-2651\" class=\"elementor-tab-content elementor-clearfix\" data-tab=\"1\" role=\"region\" aria-labelledby=\"elementor-tab-title-2651\"><p class=\"pm-align--left\" data-pm-slice=\"1 1 []\">La suppression des droits de douane industriels n\u2019engendrera aucun changement dans les proc\u00e9dures douani\u00e8res. L\u2019obligation de d\u00e9claration d\u2019importation reste en vigueur.<\/p><\/div>\n\t\t\t\t<\/div>\n\t\t\t\t\t\t\t<div class=\"elementor-toggle-item\">\n\t\t\t\t\t<div id=\"elementor-tab-title-2652\" class=\"elementor-tab-title\" data-tab=\"2\" role=\"button\" aria-controls=\"elementor-tab-content-2652\" aria-expanded=\"false\">\n\t\t\t\t\t\t\t\t\t\t\t\t<span class=\"elementor-toggle-icon elementor-toggle-icon-right\" aria-hidden=\"true\">\n\t\t\t\t\t\t\t\t\t\t\t\t\t\t\t<span class=\"elementor-toggle-icon-closed\"><svg xmlns=\"http:\/\/www.w3.org\/2000\/svg\" id=\"a1e64e0c-4c41-4fca-8542-7a49c6092caa\" data-name=\"Layer 1\" width=\"16.9661\" height=\"16.9661\" viewBox=\"0 0 16.9661 16.9661\"><defs><style>.aed1427e-e5ff-4359-b373-334313c48315{fill:#1c2448;}<\/style><\/defs><path class=\"aed1427e-e5ff-4359-b373-334313c48315\" d=\"M8.8969,16.966V8.9071h8.0692V8.1012H8.8969V0H8.0693V8.1012H0v.8059H8.0693V16.966Z\" transform=\"translate(0 0.0001)\"><\/path><\/svg><\/span>\n\t\t\t\t\t\t\t\t<span class=\"elementor-toggle-icon-opened\"><svg xmlns=\"http:\/\/www.w3.org\/2000\/svg\" id=\"ef88faed-b140-41a0-9417-c1651f3bd4fc\" data-name=\"Layer 1\" width=\"13.785\" height=\"1.0074\" viewBox=\"0 0 13.785 1.0074\"><defs><style>.e3c7dd86-9752-467e-8574-885a4e9461bb{fill:#1c2448;}<\/style><\/defs><path class=\"e3c7dd86-9752-467e-8574-885a4e9461bb\" d=\"M13.785,1.0338V.0265H0V1.0338Z\" transform=\"translate(0 -0.0265)\"><\/path><\/svg><\/span>\n\t\t\t\t\t\t\t\t\t\t\t\t\t<\/span>\n\t\t\t\t\t\t\t\t\t\t\t\t<a class=\"elementor-toggle-title\" tabindex=\"0\">Dans quels cas une preuve d\u2019origine pr\u00e9f\u00e9rentielle des produits industriels sera-t-elle encore exig\u00e9e apr\u00e8s la suppression des droits de douane industriels ? <\/a>\n\t\t\t\t\t<\/div>\n\n\t\t\t\t\t<div id=\"elementor-tab-content-2652\" class=\"elementor-tab-content elementor-clearfix\" data-tab=\"2\" role=\"region\" aria-labelledby=\"elementor-tab-title-2652\"><p>\u00c0 partir du 1 janvier 2024, les produits industriels pourront \u00eatre import\u00e9s en Suisse en franchise. Plus aucune preuve de l\u2019origine pr\u00e9f\u00e9rentielle ne sera donc exig\u00e9e pour ces produits, sauf pour l\u2019importation de marchandises qui seront transform\u00e9es en Suisse puis r\u00e9export\u00e9es.<\/p><\/div>\n\t\t\t\t<\/div>\n\t\t\t\t\t\t\t<div class=\"elementor-toggle-item\">\n\t\t\t\t\t<div id=\"elementor-tab-title-2653\" class=\"elementor-tab-title\" data-tab=\"3\" role=\"button\" aria-controls=\"elementor-tab-content-2653\" aria-expanded=\"false\">\n\t\t\t\t\t\t\t\t\t\t\t\t<span class=\"elementor-toggle-icon elementor-toggle-icon-right\" aria-hidden=\"true\">\n\t\t\t\t\t\t\t\t\t\t\t\t\t\t\t<span class=\"elementor-toggle-icon-closed\"><svg xmlns=\"http:\/\/www.w3.org\/2000\/svg\" id=\"a1e64e0c-4c41-4fca-8542-7a49c6092caa\" data-name=\"Layer 1\" width=\"16.9661\" height=\"16.9661\" viewBox=\"0 0 16.9661 16.9661\"><defs><style>.aed1427e-e5ff-4359-b373-334313c48315{fill:#1c2448;}<\/style><\/defs><path class=\"aed1427e-e5ff-4359-b373-334313c48315\" d=\"M8.8969,16.966V8.9071h8.0692V8.1012H8.8969V0H8.0693V8.1012H0v.8059H8.0693V16.966Z\" transform=\"translate(0 0.0001)\"><\/path><\/svg><\/span>\n\t\t\t\t\t\t\t\t<span class=\"elementor-toggle-icon-opened\"><svg xmlns=\"http:\/\/www.w3.org\/2000\/svg\" id=\"ef88faed-b140-41a0-9417-c1651f3bd4fc\" data-name=\"Layer 1\" width=\"13.785\" height=\"1.0074\" viewBox=\"0 0 13.785 1.0074\"><defs><style>.e3c7dd86-9752-467e-8574-885a4e9461bb{fill:#1c2448;}<\/style><\/defs><path class=\"e3c7dd86-9752-467e-8574-885a4e9461bb\" d=\"M13.785,1.0338V.0265H0V1.0338Z\" transform=\"translate(0 -0.0265)\"><\/path><\/svg><\/span>\n\t\t\t\t\t\t\t\t\t\t\t\t\t<\/span>\n\t\t\t\t\t\t\t\t\t\t\t\t<a class=\"elementor-toggle-title\" tabindex=\"0\">Que va devenir le carnet ATA apr\u00e8s la suppression des droits de douane industriels ? <\/a>\n\t\t\t\t\t<\/div>\n\n\t\t\t\t\t<div id=\"elementor-tab-content-2653\" class=\"elementor-tab-content elementor-clearfix\" data-tab=\"3\" role=\"region\" aria-labelledby=\"elementor-tab-title-2653\"><p>Le carnet ATA pour l\u2019admission temporaire reste maintenu. Il est utilis\u00e9 pour garantir que les marchandises concern\u00e9es quittent la zone douani\u00e8re dans le d\u00e9lai imparti sans modification.<\/p><\/div>\n\t\t\t\t<\/div>\n\t\t\t\t\t\t\t<div class=\"elementor-toggle-item\">\n\t\t\t\t\t<div id=\"elementor-tab-title-2654\" class=\"elementor-tab-title\" data-tab=\"4\" role=\"button\" aria-controls=\"elementor-tab-content-2654\" aria-expanded=\"false\">\n\t\t\t\t\t\t\t\t\t\t\t\t<span class=\"elementor-toggle-icon elementor-toggle-icon-right\" aria-hidden=\"true\">\n\t\t\t\t\t\t\t\t\t\t\t\t\t\t\t<span class=\"elementor-toggle-icon-closed\"><svg xmlns=\"http:\/\/www.w3.org\/2000\/svg\" id=\"a1e64e0c-4c41-4fca-8542-7a49c6092caa\" data-name=\"Layer 1\" width=\"16.9661\" height=\"16.9661\" viewBox=\"0 0 16.9661 16.9661\"><defs><style>.aed1427e-e5ff-4359-b373-334313c48315{fill:#1c2448;}<\/style><\/defs><path class=\"aed1427e-e5ff-4359-b373-334313c48315\" d=\"M8.8969,16.966V8.9071h8.0692V8.1012H8.8969V0H8.0693V8.1012H0v.8059H8.0693V16.966Z\" transform=\"translate(0 0.0001)\"><\/path><\/svg><\/span>\n\t\t\t\t\t\t\t\t<span class=\"elementor-toggle-icon-opened\"><svg xmlns=\"http:\/\/www.w3.org\/2000\/svg\" id=\"ef88faed-b140-41a0-9417-c1651f3bd4fc\" data-name=\"Layer 1\" width=\"13.785\" height=\"1.0074\" viewBox=\"0 0 13.785 1.0074\"><defs><style>.e3c7dd86-9752-467e-8574-885a4e9461bb{fill:#1c2448;}<\/style><\/defs><path class=\"e3c7dd86-9752-467e-8574-885a4e9461bb\" d=\"M13.785,1.0338V.0265H0V1.0338Z\" transform=\"translate(0 -0.0265)\"><\/path><\/svg><\/span>\n\t\t\t\t\t\t\t\t\t\t\t\t\t<\/span>\n\t\t\t\t\t\t\t\t\t\t\t\t<a class=\"elementor-toggle-title\" tabindex=\"0\">Les proc\u00e9dures sp\u00e9ciales, comme le trafic de perfectionnement, seront-elles maintenues pour les produits industriels apr\u00e8s la suppression des droits de douane ?<\/a>\n\t\t\t\t\t<\/div>\n\n\t\t\t\t\t<div id=\"elementor-tab-content-2654\" class=\"elementor-tab-content elementor-clearfix\" data-tab=\"4\" role=\"region\" aria-labelledby=\"elementor-tab-title-2654\"><p>La plupart des proc\u00e9dures sp\u00e9ciales pourront \u00eatre abandonn\u00e9es pour les produits industriels apr\u00e8s la suppression des droits de douane industriels. Certaines proc\u00e9dures sp\u00e9ciales seront toutefois maintenues dans des cas exceptionnels.<\/p><\/div>\n\t\t\t\t<\/div>\n\t\t\t\t\t\t\t<div class=\"elementor-toggle-item\">\n\t\t\t\t\t<div id=\"elementor-tab-title-2655\" class=\"elementor-tab-title\" data-tab=\"5\" role=\"button\" aria-controls=\"elementor-tab-content-2655\" aria-expanded=\"false\">\n\t\t\t\t\t\t\t\t\t\t\t\t<span class=\"elementor-toggle-icon elementor-toggle-icon-right\" aria-hidden=\"true\">\n\t\t\t\t\t\t\t\t\t\t\t\t\t\t\t<span class=\"elementor-toggle-icon-closed\"><svg xmlns=\"http:\/\/www.w3.org\/2000\/svg\" id=\"a1e64e0c-4c41-4fca-8542-7a49c6092caa\" data-name=\"Layer 1\" width=\"16.9661\" height=\"16.9661\" viewBox=\"0 0 16.9661 16.9661\"><defs><style>.aed1427e-e5ff-4359-b373-334313c48315{fill:#1c2448;}<\/style><\/defs><path class=\"aed1427e-e5ff-4359-b373-334313c48315\" d=\"M8.8969,16.966V8.9071h8.0692V8.1012H8.8969V0H8.0693V8.1012H0v.8059H8.0693V16.966Z\" transform=\"translate(0 0.0001)\"><\/path><\/svg><\/span>\n\t\t\t\t\t\t\t\t<span class=\"elementor-toggle-icon-opened\"><svg xmlns=\"http:\/\/www.w3.org\/2000\/svg\" id=\"ef88faed-b140-41a0-9417-c1651f3bd4fc\" data-name=\"Layer 1\" width=\"13.785\" height=\"1.0074\" viewBox=\"0 0 13.785 1.0074\"><defs><style>.e3c7dd86-9752-467e-8574-885a4e9461bb{fill:#1c2448;}<\/style><\/defs><path class=\"e3c7dd86-9752-467e-8574-885a4e9461bb\" d=\"M13.785,1.0338V.0265H0V1.0338Z\" transform=\"translate(0 -0.0265)\"><\/path><\/svg><\/span>\n\t\t\t\t\t\t\t\t\t\t\t\t\t<\/span>\n\t\t\t\t\t\t\t\t\t\t\t\t<a class=\"elementor-toggle-title\" tabindex=\"0\">Quelles positions tarifaires seront fusionn\u00e9es dans le cadre de la simplification de la structure du tarif des douanes ? <\/a>\n\t\t\t\t\t<\/div>\n\n\t\t\t\t\t<div id=\"elementor-tab-content-2655\" class=\"elementor-tab-content elementor-clearfix\" data-tab=\"5\" role=\"region\" aria-labelledby=\"elementor-tab-title-2655\"><p>Parall\u00e8lement \u00e0 la suppression des droits de douane industriels, le tarif des douanes suisses sera simplifi\u00e9. La structure tarifaire du domaine agricole restera inchang\u00e9e. Les positions tarifaires seront r\u00e9duites, et la subdivision nationale des num\u00e9ros tarifaires sera maintenue dans le domaine industriel lorsqu\u2019elle est n\u00e9cessaire. Pour plus de d\u00e9tail, r\u00e9f\u00e9rez-vous \u00e0 l\u2019ordonnance.<\/p><\/div>\n\t\t\t\t<\/div>\n\t\t\t\t\t\t\t\t\t\t<script type=\"application\/ld+json\">{\"@context\":\"https:\\\/\\\/schema.org\",\"@type\":\"FAQPage\",\"mainEntity\":[{\"@type\":\"Question\",\"name\":\"Quels sont les changements en mati\\u00e8re de d\\u00e9claration d\\u2019importation apr\\u00e8s la suppression des droits de douane industriels ?\",\"acceptedAnswer\":{\"@type\":\"Answer\",\"text\":\"<p class=\\\"pm-align--left\\\" data-pm-slice=\\\"1 1 []\\\">La suppression des droits de douane industriels n\\u2019engendrera aucun changement dans les proc\\u00e9dures douani\\u00e8res. L\\u2019obligation de d\\u00e9claration d\\u2019importation reste en vigueur.<\\\/p>\"}},{\"@type\":\"Question\",\"name\":\"Dans quels cas une preuve d\\u2019origine pr\\u00e9f\\u00e9rentielle des produits industriels sera-t-elle encore exig\\u00e9e apr\\u00e8s la suppression des droits de douane industriels ?\",\"acceptedAnswer\":{\"@type\":\"Answer\",\"text\":\"<p>\\u00c0 partir du 1 janvier 2024, les produits industriels pourront \\u00eatre import\\u00e9s en Suisse en franchise. Plus aucune preuve de l\\u2019origine pr\\u00e9f\\u00e9rentielle ne sera donc exig\\u00e9e pour ces produits, sauf pour l\\u2019importation de marchandises qui seront transform\\u00e9es en Suisse puis r\\u00e9export\\u00e9es.<\\\/p>\"}},{\"@type\":\"Question\",\"name\":\"Que va devenir le carnet ATA apr\\u00e8s la suppression des droits de douane industriels ?\",\"acceptedAnswer\":{\"@type\":\"Answer\",\"text\":\"<p>Le carnet ATA pour l\\u2019admission temporaire reste maintenu. Il est utilis\\u00e9 pour garantir que les marchandises concern\\u00e9es quittent la zone douani\\u00e8re dans le d\\u00e9lai imparti sans modification.<\\\/p>\"}},{\"@type\":\"Question\",\"name\":\"Les proc\\u00e9dures sp\\u00e9ciales, comme le trafic de perfectionnement, seront-elles maintenues pour les produits industriels apr\\u00e8s la suppression des droits de douane ?\",\"acceptedAnswer\":{\"@type\":\"Answer\",\"text\":\"<p>La plupart des proc\\u00e9dures sp\\u00e9ciales pourront \\u00eatre abandonn\\u00e9es pour les produits industriels apr\\u00e8s la suppression des droits de douane industriels. Certaines proc\\u00e9dures sp\\u00e9ciales seront toutefois maintenues dans des cas exceptionnels.<\\\/p>\"}},{\"@type\":\"Question\",\"name\":\"Quelles positions tarifaires seront fusionn\\u00e9es dans le cadre de la simplification de la structure du tarif des douanes ?\",\"acceptedAnswer\":{\"@type\":\"Answer\",\"text\":\"<p>Parall\\u00e8lement \\u00e0 la suppression des droits de douane industriels, le tarif des douanes suisses sera simplifi\\u00e9. La structure tarifaire du domaine agricole restera inchang\\u00e9e. Les positions tarifaires seront r\\u00e9duites, et la subdivision nationale des num\\u00e9ros tarifaires sera maintenue dans le domaine industriel lorsqu\\u2019elle est n\\u00e9cessaire. Pour plus de d\\u00e9tail, r\\u00e9f\\u00e9rez-vous \\u00e0 l\\u2019ordonnance.<\\\/p>\"}}]}<\/script>\n\t\t\t\t\t<\/div>\n\t\t\t\t\t\t<\/div>\n\t\t\t\t<\/div>\n\t\t\t\t\t<\/div>\n\t\t<\/div>\n\t\t\t\t\t<\/div>\n\t\t<\/section>\n\t\t\t\t<\/div>\n\t\t","protected":false},"excerpt":{"rendered":"<p>Suppression taxe douani\u00e8re en Suisse \u00c0 partir du 1er janvier 2024, la suppression des droits de douane sur les produits industriels entrera en vigueur. En effet la Suisse a d\u00e9cid\u00e9 de supprimer les droits de douane \u00e9galement connu sous le nom de\u00ab\u00a0taxe de douane\u00a0\u00bb. Cette d\u00e9cision vise \u00e0 faciliter le commerce interne et \u00e0 renforcer [&hellip;]<\/p>\n","protected":false},"author":1,"featured_media":31589,"comment_status":"open","ping_status":"open","sticky":false,"template":"","format":"standard","meta":{"_et_pb_use_builder":"","_et_pb_old_content":"","_et_gb_content_width":"","content-type":"","footnotes":""},"categories":[56],"tags":[],"class_list":["post-31587","post","type-post","status-publish","format-standard","has-post-thumbnail","hentry","category-actualites"],"_links":{"self":[{"href":"https:\/\/www.tax-services.ch\/fr\/wp-json\/wp\/v2\/posts\/31587","targetHints":{"allow":["GET"]}}],"collection":[{"href":"https:\/\/www.tax-services.ch\/fr\/wp-json\/wp\/v2\/posts"}],"about":[{"href":"https:\/\/www.tax-services.ch\/fr\/wp-json\/wp\/v2\/types\/post"}],"author":[{"embeddable":true,"href":"https:\/\/www.tax-services.ch\/fr\/wp-json\/wp\/v2\/users\/1"}],"replies":[{"embeddable":true,"href":"https:\/\/www.tax-services.ch\/fr\/wp-json\/wp\/v2\/comments?post=31587"}],"version-history":[{"count":19,"href":"https:\/\/www.tax-services.ch\/fr\/wp-json\/wp\/v2\/posts\/31587\/revisions"}],"predecessor-version":[{"id":33358,"href":"https:\/\/www.tax-services.ch\/fr\/wp-json\/wp\/v2\/posts\/31587\/revisions\/33358"}],"wp:featuredmedia":[{"embeddable":true,"href":"https:\/\/www.tax-services.ch\/fr\/wp-json\/wp\/v2\/media\/31589"}],"wp:attachment":[{"href":"https:\/\/www.tax-services.ch\/fr\/wp-json\/wp\/v2\/media?parent=31587"}],"wp:term":[{"taxonomy":"category","embeddable":true,"href":"https:\/\/www.tax-services.ch\/fr\/wp-json\/wp\/v2\/categories?post=31587"},{"taxonomy":"post_tag","embeddable":true,"href":"https:\/\/www.tax-services.ch\/fr\/wp-json\/wp\/v2\/tags?post=31587"}],"curies":[{"name":"wp","href":"https:\/\/api.w.org\/{rel}","templated":true}]}}