{"id":29641,"date":"2024-07-07T11:02:10","date_gmt":"2024-07-07T09:02:10","guid":{"rendered":"https:\/\/tax-services.ch\/?p=29641"},"modified":"2025-01-28T16:03:17","modified_gmt":"2025-01-28T15:03:17","slug":"tva-suisse-lessentiel","status":"publish","type":"post","link":"https:\/\/www.tax-services.ch\/fr\/tva-suisse-lessentiel\/","title":{"rendered":"TVA suisse : l&rsquo;essentiel"},"content":{"rendered":"\t\t<div data-elementor-type=\"wp-post\" data-elementor-id=\"29641\" class=\"elementor elementor-29641\" data-elementor-post-type=\"post\">\n\t\t\t\t\t\t<section class=\"elementor-section elementor-top-section elementor-element elementor-element-acf9dd5 elementor-section-full_width elementor-section-height-default elementor-section-height-default\" data-id=\"acf9dd5\" data-element_type=\"section\" data-e-type=\"section\">\n\t\t\t\t\t\t<div class=\"elementor-container elementor-column-gap-default\">\n\t\t\t\t\t<div class=\"elementor-column elementor-col-100 elementor-top-column elementor-element elementor-element-e317c00\" data-id=\"e317c00\" data-element_type=\"column\" data-e-type=\"column\">\n\t\t\t<div class=\"elementor-widget-wrap elementor-element-populated\">\n\t\t\t\t\t\t<div class=\"elementor-element elementor-element-72a4864 elementor-widget elementor-widget-heading\" data-id=\"72a4864\" data-element_type=\"widget\" data-e-type=\"widget\" data-widget_type=\"heading.default\">\n\t\t\t\t<div class=\"elementor-widget-container\">\n\t\t\t\t\t<h2 class=\"elementor-heading-title elementor-size-default\">Qu'est-ce que la TVA ?<\/h2>\t\t\t\t<\/div>\n\t\t\t\t<\/div>\n\t\t\t\t<div class=\"elementor-element elementor-element-72d0b17 elementor-widget elementor-widget-heading\" data-id=\"72d0b17\" data-element_type=\"widget\" data-e-type=\"widget\" data-widget_type=\"heading.default\">\n\t\t\t\t<div class=\"elementor-widget-container\">\n\t\t\t\t\t<h2 class=\"elementor-heading-title elementor-size-default\">Introduction<\/h2>\t\t\t\t<\/div>\n\t\t\t\t<\/div>\n\t\t\t\t<div class=\"elementor-element elementor-element-74b7889 elementor-widget elementor-widget-text-editor\" data-id=\"74b7889\" data-element_type=\"widget\" data-e-type=\"widget\" data-widget_type=\"text-editor.default\">\n\t\t\t\t<div class=\"elementor-widget-container\">\n\t\t\t\t\t\t\t\t\t<p>Nous allons dans cet article aborder les bases et les particularit\u00e9s de la TVA Suisse.<\/p><p>La TVA (taxe sur la valeur ajout\u00e9e) est un <strong>imp\u00f4t indirect<\/strong> sur la consommation. Elle concerne, en principe, tous les biens et services consomm\u00e9s ou utilis\u00e9s en Suisse.<\/p><p>C&rsquo;est le <strong>consommateur final<\/strong> qui supporte la TVA. Mais il revient aux entreprises d\u2019assurer la collecte de cet imp\u00f4t et de la reverser \u00e0 l\u2019Administration F\u00e9d\u00e9rale des Contributions.<\/p>\t\t\t\t\t\t\t\t<\/div>\n\t\t\t\t<\/div>\n\t\t\t\t<div class=\"elementor-element elementor-element-b80dc1d elementor-widget elementor-widget-heading\" data-id=\"b80dc1d\" data-element_type=\"widget\" data-e-type=\"widget\" data-widget_type=\"heading.default\">\n\t\t\t\t<div class=\"elementor-widget-container\">\n\t\t\t\t\t<h2 class=\"elementor-heading-title elementor-size-default\">Activit\u00e9s exclues<\/h2>\t\t\t\t<\/div>\n\t\t\t\t<\/div>\n\t\t\t\t<div class=\"elementor-element elementor-element-67060c3 elementor-widget elementor-widget-text-editor\" data-id=\"67060c3\" data-element_type=\"widget\" data-e-type=\"widget\" data-widget_type=\"text-editor.default\">\n\t\t\t\t<div class=\"elementor-widget-container\">\n\t\t\t\t\t\t\t\t\t<p>Quelques activit\u00e9s sont exclues du champ d&rsquo;application de la TVA, principalement les activit\u00e9s m\u00e9dicales, p\u00e9dagogiques, culturelles, assurances, financi\u00e8res et de location d\u2019immeubles d&rsquo;habitation. Pour plus de d\u00e9tail voir <strong><a href=\"https:\/\/www.fedlex.admin.ch\/eli\/cc\/2009\/615\/fr#art_21\" target=\"_blank\" rel=\"noopener\">Art.21 al.2 LTVA<\/a><\/strong>.<\/p><p>Selon le montant du chiffre d\u2019affaires r\u00e9alis\u00e9, une entreprise peut \u00eatre lib\u00e9r\u00e9e (ou pas) de l\u2019assujettissement \u00e0 la TVA. Diff\u00e9rentes m\u00e9thodes s\u2019offrent \u00e0 l&rsquo;entreprise, notamment : m\u00e9thode effective ou m\u00e9thode du taux de la dette fiscale nette (TDFN).<\/p>\t\t\t\t\t\t\t\t<\/div>\n\t\t\t\t<\/div>\n\t\t\t\t<div class=\"elementor-element elementor-element-9fcf45e elementor-widget elementor-widget-heading\" data-id=\"9fcf45e\" data-element_type=\"widget\" data-e-type=\"widget\" data-widget_type=\"heading.default\">\n\t\t\t\t<div class=\"elementor-widget-container\">\n\t\t\t\t\t<h2 class=\"elementor-heading-title elementor-size-default\">Comparaison TVA suisse en Europe<\/h2>\t\t\t\t<\/div>\n\t\t\t\t<\/div>\n\t\t\t\t<div class=\"elementor-element elementor-element-d2ba27e elementor-widget elementor-widget-image\" data-id=\"d2ba27e\" data-element_type=\"widget\" data-e-type=\"widget\" data-widget_type=\"image.default\">\n\t\t\t\t<div class=\"elementor-widget-container\">\n\t\t\t\t\t\t\t\t\t\t\t\t\t\t\t<img fetchpriority=\"high\" fetchpriority=\"high\" decoding=\"async\" width=\"1536\" height=\"864\" src=\"https:\/\/www.tax-services.ch\/wp-content\/uploads\/2024\/07\/Taux-TVA-en-Europe-1536x864.png\" class=\"attachment-1536x1536 size-1536x1536 wp-image-33655\" alt=\"Taux TVA en Europe\" srcset=\"https:\/\/www.tax-services.ch\/wp-content\/uploads\/2024\/07\/Taux-TVA-en-Europe-1536x864.png 1536w, https:\/\/www.tax-services.ch\/wp-content\/uploads\/2024\/07\/Taux-TVA-en-Europe-300x169.png 300w, https:\/\/www.tax-services.ch\/wp-content\/uploads\/2024\/07\/Taux-TVA-en-Europe-1024x576.png 1024w, https:\/\/www.tax-services.ch\/wp-content\/uploads\/2024\/07\/Taux-TVA-en-Europe-768x432.png 768w, https:\/\/www.tax-services.ch\/wp-content\/uploads\/2024\/07\/Taux-TVA-en-Europe-18x10.png 18w, https:\/\/www.tax-services.ch\/wp-content\/uploads\/2024\/07\/Taux-TVA-en-Europe.png 1680w\" sizes=\"(max-width: 1536px) 100vw, 1536px\" \/>\t\t\t\t\t\t\t\t\t\t\t\t\t\t\t<\/div>\n\t\t\t\t<\/div>\n\t\t\t\t<div class=\"elementor-element elementor-element-e185609 elementor-widget elementor-widget-heading\" data-id=\"e185609\" data-element_type=\"widget\" data-e-type=\"widget\" data-widget_type=\"heading.default\">\n\t\t\t\t<div class=\"elementor-widget-container\">\n\t\t\t\t\t<h2 class=\"elementor-heading-title elementor-size-default\">Assujettissement \u00e0 la TVA Suisse<\/h2>\t\t\t\t<\/div>\n\t\t\t\t<\/div>\n\t\t\t\t<div class=\"elementor-element elementor-element-3e5ae6b elementor-widget elementor-widget-text-editor\" data-id=\"3e5ae6b\" data-element_type=\"widget\" data-e-type=\"widget\" data-widget_type=\"text-editor.default\">\n\t\t\t\t<div class=\"elementor-widget-container\">\n\t\t\t\t\t\t\t\t\t<p>Une fois assujettie \u00e0 la TVA, l\u2019ensemble des ventes et des prestations de services d&rsquo;une entreprise devront \u00eatre soumis \u00e0 la TVA. M<\/p><p>La TVA est calcul\u00e9e sur le montant HT des prestations. Les factures de l&rsquo;entreprise devront respecter les conditions pos\u00e9es par l\u2019<a href=\"https:\/\/www.fedlex.admin.ch\/eli\/cc\/2009\/615\/fr#art_26\" target=\"_blank\" rel=\"noopener\"><strong>Art. 26 LTVA<\/strong><\/a> quant \u00e0 la forme et aux informations y figurant.<\/p><p>Les exigences en termes de forme pour une facture sont les suivantes\u00a0:<\/p>\t\t\t\t\t\t\t\t<\/div>\n\t\t\t\t<\/div>\n\t\t\t\t<div class=\"elementor-element elementor-element-1bf3052 elementor-icon-list--layout-traditional elementor-list-item-link-full_width elementor-widget elementor-widget-icon-list\" data-id=\"1bf3052\" data-element_type=\"widget\" data-e-type=\"widget\" data-widget_type=\"icon-list.default\">\n\t\t\t\t<div class=\"elementor-widget-container\">\n\t\t\t\t\t\t\t<ul class=\"elementor-icon-list-items\">\n\t\t\t\t\t\t\t<li class=\"elementor-icon-list-item\">\n\t\t\t\t\t\t\t\t\t\t\t<span class=\"elementor-icon-list-icon\">\n\t\t\t\t\t\t\t<i aria-hidden=\"true\" class=\"fas fa-arrow-right\"><\/i>\t\t\t\t\t\t<\/span>\n\t\t\t\t\t\t\t\t\t\t<span class=\"elementor-icon-list-text\">Coordonn\u00e9es compl\u00e8tes du fournisseur et son num\u00e9ro TVA<\/span>\n\t\t\t\t\t\t\t\t\t<\/li>\n\t\t\t\t\t\t\t\t<li class=\"elementor-icon-list-item\">\n\t\t\t\t\t\t\t\t\t\t\t<span class=\"elementor-icon-list-icon\">\n\t\t\t\t\t\t\t<i aria-hidden=\"true\" class=\"fas fa-arrow-right\"><\/i>\t\t\t\t\t\t<\/span>\n\t\t\t\t\t\t\t\t\t\t<span class=\"elementor-icon-list-text\">Coordonn\u00e9es du client (nom, adresse)<\/span>\n\t\t\t\t\t\t\t\t\t<\/li>\n\t\t\t\t\t\t\t\t<li class=\"elementor-icon-list-item\">\n\t\t\t\t\t\t\t\t\t\t\t<span class=\"elementor-icon-list-icon\">\n\t\t\t\t\t\t\t<i aria-hidden=\"true\" class=\"fas fa-arrow-right\"><\/i>\t\t\t\t\t\t<\/span>\n\t\t\t\t\t\t\t\t\t\t<span class=\"elementor-icon-list-text\">Date de facturation ou date de r\u00e9alisation des prestations si pas identiques<\/span>\n\t\t\t\t\t\t\t\t\t<\/li>\n\t\t\t\t\t\t\t\t<li class=\"elementor-icon-list-item\">\n\t\t\t\t\t\t\t\t\t\t\t<span class=\"elementor-icon-list-icon\">\n\t\t\t\t\t\t\t<i aria-hidden=\"true\" class=\"fas fa-arrow-right\"><\/i>\t\t\t\t\t\t<\/span>\n\t\t\t\t\t\t\t\t\t\t<span class=\"elementor-icon-list-text\">Description de la prestation, genre, objet et le volume de la prestation<\/span>\n\t\t\t\t\t\t\t\t\t<\/li>\n\t\t\t\t\t\t\t\t<li class=\"elementor-icon-list-item\">\n\t\t\t\t\t\t\t\t\t\t\t<span class=\"elementor-icon-list-icon\">\n\t\t\t\t\t\t\t<i aria-hidden=\"true\" class=\"fas fa-arrow-right\"><\/i>\t\t\t\t\t\t<\/span>\n\t\t\t\t\t\t\t\t\t\t<span class=\"elementor-icon-list-text\">Le montant factur\u00e9<\/span>\n\t\t\t\t\t\t\t\t\t<\/li>\n\t\t\t\t\t\t\t\t<li class=\"elementor-icon-list-item\">\n\t\t\t\t\t\t\t\t\t\t\t<span class=\"elementor-icon-list-icon\">\n\t\t\t\t\t\t\t<i aria-hidden=\"true\" class=\"fas fa-arrow-right\"><\/i>\t\t\t\t\t\t<\/span>\n\t\t\t\t\t\t\t\t\t\t<span class=\"elementor-icon-list-text\">Le taux appliqu\u00e9 \u00e0 la prestation (le montant ne suffit pas)<\/span>\n\t\t\t\t\t\t\t\t\t<\/li>\n\t\t\t\t\t\t<\/ul>\n\t\t\t\t\t\t<\/div>\n\t\t\t\t<\/div>\n\t\t\t\t<div class=\"elementor-element elementor-element-8e205f1 elementor-widget elementor-widget-heading\" data-id=\"8e205f1\" data-element_type=\"widget\" data-e-type=\"widget\" data-widget_type=\"heading.default\">\n\t\t\t\t<div class=\"elementor-widget-container\">\n\t\t\t\t\t<h3 class=\"elementor-heading-title elementor-size-default\">Assujettissement obligatoire<\/h3>\t\t\t\t<\/div>\n\t\t\t\t<\/div>\n\t\t\t\t<div class=\"elementor-element elementor-element-05d36f5 elementor-widget elementor-widget-text-editor\" data-id=\"05d36f5\" data-element_type=\"widget\" data-e-type=\"widget\" data-widget_type=\"text-editor.default\">\n\t\t\t\t<div class=\"elementor-widget-container\">\n\t\t\t\t\t\t\t\t\t<p>Est assujetti \u00e0 la TVA Suisse quiconque exploite une entreprise, m\u00eame sans but lucratif et quelle que soit la forme juridique, doit en principe \u00eatre assujetti \u00e0 la TVA.<\/p><p>Il faut tout de fois pr\u00e9ciser que l\u2019assujettissement n\u2019est pas obligatoire pour les entreprises qui r\u00e9alisent en Suisse, moins de 100&rsquo;000 CHF\/an\u00a0provenant de prestations imposables.<\/p><p>Pour d\u00e9terminer les 100&rsquo;000 CHF il convient de prendre dans le calcul les recettes mondiales de l\u2019entreprise, car elles sont d\u00e9terminantes \u00e0 l\u2019assujettissement. Cela peut \u00eatre par exemple :<\/p>\t\t\t\t\t\t\t\t<\/div>\n\t\t\t\t<\/div>\n\t\t\t\t<div class=\"elementor-element elementor-element-ff077db elementor-icon-list--layout-traditional elementor-list-item-link-full_width elementor-widget elementor-widget-icon-list\" data-id=\"ff077db\" data-element_type=\"widget\" data-e-type=\"widget\" data-widget_type=\"icon-list.default\">\n\t\t\t\t<div class=\"elementor-widget-container\">\n\t\t\t\t\t\t\t<ul class=\"elementor-icon-list-items\">\n\t\t\t\t\t\t\t<li class=\"elementor-icon-list-item\">\n\t\t\t\t\t\t\t\t\t\t\t<span class=\"elementor-icon-list-icon\">\n\t\t\t\t\t\t\t<i aria-hidden=\"true\" class=\"fas fa-plus\"><\/i>\t\t\t\t\t\t<\/span>\n\t\t\t\t\t\t\t\t\t\t<span class=\"elementor-icon-list-text\">Toutes les livraisons de biens et de services imposables\u00a0sur territoire suisse<\/span>\n\t\t\t\t\t\t\t\t\t<\/li>\n\t\t\t\t\t\t\t\t<li class=\"elementor-icon-list-item\">\n\t\t\t\t\t\t\t\t\t\t\t<span class=\"elementor-icon-list-icon\">\n\t\t\t\t\t\t\t<i aria-hidden=\"true\" class=\"fas fa-plus\"><\/i>\t\t\t\t\t\t<\/span>\n\t\t\t\t\t\t\t\t\t\t<span class=\"elementor-icon-list-text\">Toutes les livraisons de biens\u00a0et de services exon\u00e9r\u00e9s selon Art.23 LTVA<\/span>\n\t\t\t\t\t\t\t\t\t<\/li>\n\t\t\t\t\t\t\t\t<li class=\"elementor-icon-list-item\">\n\t\t\t\t\t\t\t\t\t\t\t<span class=\"elementor-icon-list-icon\">\n\t\t\t\t\t\t\t<i aria-hidden=\"true\" class=\"fas fa-minus\"><\/i>\t\t\t\t\t\t<\/span>\n\t\t\t\t\t\t\t\t\t\t<span class=\"elementor-icon-list-text\">Prestations\u00a0exclus du champ de l\u2019imp\u00f4t selon Art.21 al.2 LTVA<\/span>\n\t\t\t\t\t\t\t\t\t<\/li>\n\t\t\t\t\t\t\t\t<li class=\"elementor-icon-list-item\">\n\t\t\t\t\t\t\t\t\t\t\t<span class=\"elementor-icon-list-icon\">\n\t\t\t\t\t\t\t<i aria-hidden=\"true\" class=\"fas fa-equals\"><\/i>\t\t\t\t\t\t<\/span>\n\t\t\t\t\t\t\t\t\t\t<span class=\"elementor-icon-list-text\"><b>Montant d\u00e9terminant pour l\u2019assujettissement \u00e0 la TVA<\/b><\/span>\n\t\t\t\t\t\t\t\t\t<\/li>\n\t\t\t\t\t\t<\/ul>\n\t\t\t\t\t\t<\/div>\n\t\t\t\t<\/div>\n\t\t\t\t<div class=\"elementor-element elementor-element-a0768df elementor-widget elementor-widget-heading\" data-id=\"a0768df\" data-element_type=\"widget\" data-e-type=\"widget\" data-widget_type=\"heading.default\">\n\t\t\t\t<div class=\"elementor-widget-container\">\n\t\t\t\t\t<h3 class=\"elementor-heading-title elementor-size-default\">Assujettissement volontaire \u00e0 la TVA<\/h3>\t\t\t\t<\/div>\n\t\t\t\t<\/div>\n\t\t\t\t<div class=\"elementor-element elementor-element-86e2203 elementor-widget elementor-widget-text-editor\" data-id=\"86e2203\" data-element_type=\"widget\" data-e-type=\"widget\" data-widget_type=\"text-editor.default\">\n\t\t\t\t<div class=\"elementor-widget-container\">\n\t\t\t\t\t\t\t\t\t<p>L\u2019Art.11 LTVA pr\u00e9voit que toute personne\/entreprise exer\u00e7ant une activit\u00e9 entrepreneuriale peut volontairement s\u2019assujettir \u00e0 la TVA Suisse.<\/p>\t\t\t\t\t\t\t\t<\/div>\n\t\t\t\t<\/div>\n\t\t\t\t<div class=\"elementor-element elementor-element-d40464e elementor-icon-list--layout-traditional elementor-list-item-link-full_width elementor-widget elementor-widget-icon-list\" data-id=\"d40464e\" data-element_type=\"widget\" data-e-type=\"widget\" data-widget_type=\"icon-list.default\">\n\t\t\t\t<div class=\"elementor-widget-container\">\n\t\t\t\t\t\t\t<ul class=\"elementor-icon-list-items\">\n\t\t\t\t\t\t\t<li class=\"elementor-icon-list-item\">\n\t\t\t\t\t\t\t\t\t\t\t<span class=\"elementor-icon-list-icon\">\n\t\t\t\t\t\t\t<i aria-hidden=\"true\" class=\"fas fa-arrow-right\"><\/i>\t\t\t\t\t\t<\/span>\n\t\t\t\t\t\t\t\t\t\t<span class=\"elementor-icon-list-text\">Pour une dur\u00e9e minimale d\u2019au moins une p\u00e9riode fiscale<\/span>\n\t\t\t\t\t\t\t\t\t<\/li>\n\t\t\t\t\t\t\t\t<li class=\"elementor-icon-list-item\">\n\t\t\t\t\t\t\t\t\t\t\t<span class=\"elementor-icon-list-icon\">\n\t\t\t\t\t\t\t<i aria-hidden=\"true\" class=\"fas fa-arrow-right\"><\/i>\t\t\t\t\t\t<\/span>\n\t\t\t\t\t\t\t\t\t\t<span class=\"elementor-icon-list-text\">Pas de seuil minimal (chiffre d\u2019affaires)<\/span>\n\t\t\t\t\t\t\t\t\t<\/li>\n\t\t\t\t\t\t\t\t<li class=\"elementor-icon-list-item\">\n\t\t\t\t\t\t\t\t\t\t\t<span class=\"elementor-icon-list-icon\">\n\t\t\t\t\t\t\t<i aria-hidden=\"true\" class=\"fas fa-arrow-right\"><\/i>\t\t\t\t\t\t<\/span>\n\t\t\t\t\t\t\t\t\t\t<span class=\"elementor-icon-list-text\">L\u2019assujettissement volontaire est possible en cours d\u2019ann\u00e9e<\/span>\n\t\t\t\t\t\t\t\t\t<\/li>\n\t\t\t\t\t\t<\/ul>\n\t\t\t\t\t\t<\/div>\n\t\t\t\t<\/div>\n\t\t\t\t<div class=\"elementor-element elementor-element-c768d75 elementor-widget elementor-widget-heading\" data-id=\"c768d75\" data-element_type=\"widget\" data-e-type=\"widget\" data-widget_type=\"heading.default\">\n\t\t\t\t<div class=\"elementor-widget-container\">\n\t\t\t\t\t<h3 class=\"elementor-heading-title elementor-size-default\">Opter pour les prestations exclues du champ de la TVA<\/h3>\t\t\t\t<\/div>\n\t\t\t\t<\/div>\n\t\t\t\t<div class=\"elementor-element elementor-element-540f14f elementor-widget elementor-widget-text-editor\" data-id=\"540f14f\" data-element_type=\"widget\" data-e-type=\"widget\" data-widget_type=\"text-editor.default\">\n\t\t\t\t<div class=\"elementor-widget-container\">\n\t\t\t\t\t\t\t\t\t<p>L\u2019Art.22 al.1 LTVA pr\u00e9voit un assujettissement volontaire \u00e0 la TVA pour les personnes exer\u00e7ant une activit\u00e9 exclue du champ de l\u2019imp\u00f4t selon Art. 21 LTVA.<\/p><p>L\u2019option n\u2019est cependant pas possible pour les activit\u00e9s de\u00a0:<\/p>\t\t\t\t\t\t\t\t<\/div>\n\t\t\t\t<\/div>\n\t\t\t\t<div class=\"elementor-element elementor-element-4aabf13 elementor-icon-list--layout-traditional elementor-list-item-link-full_width elementor-widget elementor-widget-icon-list\" data-id=\"4aabf13\" data-element_type=\"widget\" data-e-type=\"widget\" data-widget_type=\"icon-list.default\">\n\t\t\t\t<div class=\"elementor-widget-container\">\n\t\t\t\t\t\t\t<ul class=\"elementor-icon-list-items\">\n\t\t\t\t\t\t\t<li class=\"elementor-icon-list-item\">\n\t\t\t\t\t\t\t\t\t\t\t<span class=\"elementor-icon-list-icon\">\n\t\t\t\t\t\t\t<i aria-hidden=\"true\" class=\"fas fa-arrow-right\"><\/i>\t\t\t\t\t\t<\/span>\n\t\t\t\t\t\t\t\t\t\t<span class=\"elementor-icon-list-text\">Domaine des assurances<\/span>\n\t\t\t\t\t\t\t\t\t<\/li>\n\t\t\t\t\t\t\t\t<li class=\"elementor-icon-list-item\">\n\t\t\t\t\t\t\t\t\t\t\t<span class=\"elementor-icon-list-icon\">\n\t\t\t\t\t\t\t<i aria-hidden=\"true\" class=\"fas fa-arrow-right\"><\/i>\t\t\t\t\t\t<\/span>\n\t\t\t\t\t\t\t\t\t\t<span class=\"elementor-icon-list-text\">Domaine financier<\/span>\n\t\t\t\t\t\t\t\t\t<\/li>\n\t\t\t\t\t\t\t\t<li class=\"elementor-icon-list-item\">\n\t\t\t\t\t\t\t\t\t\t\t<span class=\"elementor-icon-list-icon\">\n\t\t\t\t\t\t\t<i aria-hidden=\"true\" class=\"fas fa-arrow-right\"><\/i>\t\t\t\t\t\t<\/span>\n\t\t\t\t\t\t\t\t\t\t<span class=\"elementor-icon-list-text\">Domaine des jeux d\u2019argent<\/span>\n\t\t\t\t\t\t\t\t\t<\/li>\n\t\t\t\t\t\t\t\t<li class=\"elementor-icon-list-item\">\n\t\t\t\t\t\t\t\t\t\t\t<span class=\"elementor-icon-list-icon\">\n\t\t\t\t\t\t\t<i aria-hidden=\"true\" class=\"fas fa-arrow-right\"><\/i>\t\t\t\t\t\t<\/span>\n\t\t\t\t\t\t\t\t\t\t<span class=\"elementor-icon-list-text\">Domaine immobilier si l\u2019objet est affect\u00e9 ou compte \u00eatre affect\u00e9 exclusivement \u00e0 des fins d\u2019habitation<\/span>\n\t\t\t\t\t\t\t\t\t<\/li>\n\t\t\t\t\t\t<\/ul>\n\t\t\t\t\t\t<\/div>\n\t\t\t\t<\/div>\n\t\t\t\t<div class=\"elementor-element elementor-element-c294819 elementor-widget elementor-widget-heading\" data-id=\"c294819\" data-element_type=\"widget\" data-e-type=\"widget\" data-widget_type=\"heading.default\">\n\t\t\t\t<div class=\"elementor-widget-container\">\n\t\t\t\t\t<h2 class=\"elementor-heading-title elementor-size-default\">D\u00e9but de l\u2019assujettissement \u00e0 la TVA<\/h2>\t\t\t\t<\/div>\n\t\t\t\t<\/div>\n\t\t\t\t<section class=\"elementor-section elementor-inner-section elementor-element elementor-element-8903ce5 elementor-section-boxed elementor-section-height-default elementor-section-height-default\" data-id=\"8903ce5\" data-element_type=\"section\" data-e-type=\"section\">\n\t\t\t\t\t\t<div class=\"elementor-container elementor-column-gap-default\">\n\t\t\t\t\t<div class=\"elementor-column elementor-col-50 elementor-inner-column elementor-element elementor-element-c80b1d9\" data-id=\"c80b1d9\" data-element_type=\"column\" data-e-type=\"column\" data-settings=\"{&quot;background_background&quot;:&quot;classic&quot;}\">\n\t\t\t<div class=\"elementor-widget-wrap elementor-element-populated\">\n\t\t\t\t\t\t<div class=\"elementor-element elementor-element-82240ff elementor-widget elementor-widget-text-editor\" data-id=\"82240ff\" data-element_type=\"widget\" data-e-type=\"widget\" data-widget_type=\"text-editor.default\">\n\t\t\t\t<div class=\"elementor-widget-container\">\n\t\t\t\t\t\t\t\t\t<p>Entreprise ayant son si\u00e8ge, domicile ou un \u00e9tablissement stable sur le territoire suisse<\/p>\t\t\t\t\t\t\t\t<\/div>\n\t\t\t\t<\/div>\n\t\t\t\t\t<\/div>\n\t\t<\/div>\n\t\t\t\t<div class=\"elementor-column elementor-col-50 elementor-inner-column elementor-element elementor-element-ca17263\" data-id=\"ca17263\" data-element_type=\"column\" data-e-type=\"column\" data-settings=\"{&quot;background_background&quot;:&quot;classic&quot;}\">\n\t\t\t<div class=\"elementor-widget-wrap elementor-element-populated\">\n\t\t\t\t\t\t<div class=\"elementor-element elementor-element-b990a47 elementor-widget elementor-widget-text-editor\" data-id=\"b990a47\" data-element_type=\"widget\" data-e-type=\"widget\" data-widget_type=\"text-editor.default\">\n\t\t\t\t<div class=\"elementor-widget-container\">\n\t\t\t\t\t\t\t\t\t<p>Au d\u00e9but de l\u2019activit\u00e9 entrepreneuriale<\/p>\t\t\t\t\t\t\t\t<\/div>\n\t\t\t\t<\/div>\n\t\t\t\t\t<\/div>\n\t\t<\/div>\n\t\t\t\t\t<\/div>\n\t\t<\/section>\n\t\t\t\t<section class=\"elementor-section elementor-inner-section elementor-element elementor-element-e102615 elementor-section-boxed elementor-section-height-default elementor-section-height-default\" data-id=\"e102615\" data-element_type=\"section\" data-e-type=\"section\">\n\t\t\t\t\t\t<div class=\"elementor-container elementor-column-gap-default\">\n\t\t\t\t\t<div class=\"elementor-column elementor-col-50 elementor-inner-column elementor-element elementor-element-df0a6a2\" data-id=\"df0a6a2\" data-element_type=\"column\" data-e-type=\"column\" data-settings=\"{&quot;background_background&quot;:&quot;classic&quot;}\">\n\t\t\t<div class=\"elementor-widget-wrap elementor-element-populated\">\n\t\t\t\t\t\t<div class=\"elementor-element elementor-element-d21e79b elementor-widget elementor-widget-text-editor\" data-id=\"d21e79b\" data-element_type=\"widget\" data-e-type=\"widget\" data-widget_type=\"text-editor.default\">\n\t\t\t\t<div class=\"elementor-widget-container\">\n\t\t\t\t\t\t\t\t\tToutes les autres entreprises\t\t\t\t\t\t\t\t<\/div>\n\t\t\t\t<\/div>\n\t\t\t\t\t<\/div>\n\t\t<\/div>\n\t\t\t\t<div class=\"elementor-column elementor-col-50 elementor-inner-column elementor-element elementor-element-4ba5aee\" data-id=\"4ba5aee\" data-element_type=\"column\" data-e-type=\"column\" data-settings=\"{&quot;background_background&quot;:&quot;classic&quot;}\">\n\t\t\t<div class=\"elementor-widget-wrap elementor-element-populated\">\n\t\t\t\t\t\t<div class=\"elementor-element elementor-element-9923614 elementor-widget elementor-widget-text-editor\" data-id=\"9923614\" data-element_type=\"widget\" data-e-type=\"widget\" data-widget_type=\"text-editor.default\">\n\t\t\t\t<div class=\"elementor-widget-container\">\n\t\t\t\t\t\t\t\t\tLorsqu\u2019elles fournissent pour la premi\u00e8re fois une prestation sur le territoire suisse\t\t\t\t\t\t\t\t<\/div>\n\t\t\t\t<\/div>\n\t\t\t\t\t<\/div>\n\t\t<\/div>\n\t\t\t\t\t<\/div>\n\t\t<\/section>\n\t\t\t\t<div class=\"elementor-element elementor-element-eab8495 elementor-widget elementor-widget-heading\" data-id=\"eab8495\" data-element_type=\"widget\" data-e-type=\"widget\" data-widget_type=\"heading.default\">\n\t\t\t\t<div class=\"elementor-widget-container\">\n\t\t\t\t\t<h3 class=\"elementor-heading-title elementor-size-default\">Exemple d'assujetissement 1<\/h3>\t\t\t\t<\/div>\n\t\t\t\t<\/div>\n\t\t\t\t<section class=\"elementor-section elementor-inner-section elementor-element elementor-element-cf9883e elementor-section-boxed elementor-section-height-default elementor-section-height-default\" data-id=\"cf9883e\" data-element_type=\"section\" data-e-type=\"section\">\n\t\t\t\t\t\t<div class=\"elementor-container elementor-column-gap-default\">\n\t\t\t\t\t<div class=\"elementor-column elementor-col-50 elementor-inner-column elementor-element elementor-element-b91a9ad\" data-id=\"b91a9ad\" data-element_type=\"column\" data-e-type=\"column\" data-settings=\"{&quot;background_background&quot;:&quot;classic&quot;}\">\n\t\t\t<div class=\"elementor-widget-wrap elementor-element-populated\">\n\t\t\t\t\t\t<div class=\"elementor-element elementor-element-f74dc9b elementor-widget elementor-widget-text-editor\" data-id=\"f74dc9b\" data-element_type=\"widget\" data-e-type=\"widget\" data-widget_type=\"text-editor.default\">\n\t\t\t\t<div class=\"elementor-widget-container\">\n\t\t\t\t\t\t\t\t\t01.01.2022\t\t\t\t\t\t\t\t<\/div>\n\t\t\t\t<\/div>\n\t\t\t\t\t<\/div>\n\t\t<\/div>\n\t\t\t\t<div class=\"elementor-column elementor-col-50 elementor-inner-column elementor-element elementor-element-cb303d8\" data-id=\"cb303d8\" data-element_type=\"column\" data-e-type=\"column\" data-settings=\"{&quot;background_background&quot;:&quot;classic&quot;}\">\n\t\t\t<div class=\"elementor-widget-wrap elementor-element-populated\">\n\t\t\t\t\t\t<div class=\"elementor-element elementor-element-69ffc33 elementor-widget elementor-widget-text-editor\" data-id=\"69ffc33\" data-element_type=\"widget\" data-e-type=\"widget\" data-widget_type=\"text-editor.default\">\n\t\t\t\t<div class=\"elementor-widget-container\">\n\t\t\t\t\t\t\t\t\t<p>Cr\u00e9ation de la Soci\u00e9t\u00e9 ABC SA<\/p>\t\t\t\t\t\t\t\t<\/div>\n\t\t\t\t<\/div>\n\t\t\t\t\t<\/div>\n\t\t<\/div>\n\t\t\t\t\t<\/div>\n\t\t<\/section>\n\t\t\t\t<section class=\"elementor-section elementor-inner-section elementor-element elementor-element-305510d elementor-section-boxed elementor-section-height-default elementor-section-height-default\" data-id=\"305510d\" data-element_type=\"section\" data-e-type=\"section\">\n\t\t\t\t\t\t<div class=\"elementor-container elementor-column-gap-default\">\n\t\t\t\t\t<div class=\"elementor-column elementor-col-50 elementor-inner-column elementor-element elementor-element-ef70ae9\" data-id=\"ef70ae9\" data-element_type=\"column\" data-e-type=\"column\" data-settings=\"{&quot;background_background&quot;:&quot;classic&quot;}\">\n\t\t\t<div class=\"elementor-widget-wrap elementor-element-populated\">\n\t\t\t\t\t\t<div class=\"elementor-element elementor-element-3061d40 elementor-widget elementor-widget-text-editor\" data-id=\"3061d40\" data-element_type=\"widget\" data-e-type=\"widget\" data-widget_type=\"text-editor.default\">\n\t\t\t\t<div class=\"elementor-widget-container\">\n\t\t\t\t\t\t\t\t\t<p>31.12.2022<\/p>\t\t\t\t\t\t\t\t<\/div>\n\t\t\t\t<\/div>\n\t\t\t\t\t<\/div>\n\t\t<\/div>\n\t\t\t\t<div class=\"elementor-column elementor-col-50 elementor-inner-column elementor-element elementor-element-918f2eb\" data-id=\"918f2eb\" data-element_type=\"column\" data-e-type=\"column\" data-settings=\"{&quot;background_background&quot;:&quot;classic&quot;}\">\n\t\t\t<div class=\"elementor-widget-wrap elementor-element-populated\">\n\t\t\t\t\t\t<div class=\"elementor-element elementor-element-591e6ff elementor-widget elementor-widget-text-editor\" data-id=\"591e6ff\" data-element_type=\"widget\" data-e-type=\"widget\" data-widget_type=\"text-editor.default\">\n\t\t\t\t<div class=\"elementor-widget-container\">\n\t\t\t\t\t\t\t\t\t<p>Ne d\u00e9passe pas le seuil des 100&rsquo;000 CHF la premi\u00e8re ann\u00e9e<\/p>\t\t\t\t\t\t\t\t<\/div>\n\t\t\t\t<\/div>\n\t\t\t\t\t<\/div>\n\t\t<\/div>\n\t\t\t\t\t<\/div>\n\t\t<\/section>\n\t\t\t\t<section class=\"elementor-section elementor-inner-section elementor-element elementor-element-5219cbe elementor-section-boxed elementor-section-height-default elementor-section-height-default\" data-id=\"5219cbe\" data-element_type=\"section\" data-e-type=\"section\">\n\t\t\t\t\t\t<div class=\"elementor-container elementor-column-gap-default\">\n\t\t\t\t\t<div class=\"elementor-column elementor-col-50 elementor-inner-column elementor-element elementor-element-adf6be9\" data-id=\"adf6be9\" data-element_type=\"column\" data-e-type=\"column\" data-settings=\"{&quot;background_background&quot;:&quot;classic&quot;}\">\n\t\t\t<div class=\"elementor-widget-wrap elementor-element-populated\">\n\t\t\t\t\t\t<div class=\"elementor-element elementor-element-06a9ebe elementor-widget elementor-widget-text-editor\" data-id=\"06a9ebe\" data-element_type=\"widget\" data-e-type=\"widget\" data-widget_type=\"text-editor.default\">\n\t\t\t\t<div class=\"elementor-widget-container\">\n\t\t\t\t\t\t\t\t\t<p>31.12.2023<\/p>\t\t\t\t\t\t\t\t<\/div>\n\t\t\t\t<\/div>\n\t\t\t\t\t<\/div>\n\t\t<\/div>\n\t\t\t\t<div class=\"elementor-column elementor-col-50 elementor-inner-column elementor-element elementor-element-e2849a0\" data-id=\"e2849a0\" data-element_type=\"column\" data-e-type=\"column\" data-settings=\"{&quot;background_background&quot;:&quot;classic&quot;}\">\n\t\t\t<div class=\"elementor-widget-wrap elementor-element-populated\">\n\t\t\t\t\t\t<div class=\"elementor-element elementor-element-553d2db elementor-widget elementor-widget-text-editor\" data-id=\"553d2db\" data-element_type=\"widget\" data-e-type=\"widget\" data-widget_type=\"text-editor.default\">\n\t\t\t\t<div class=\"elementor-widget-container\">\n\t\t\t\t\t\t\t\t\t<p>Durant l\u2019ann\u00e9e 2023 la barre des 100&rsquo;000 CHF est d\u00e9pass\u00e9e<\/p>\t\t\t\t\t\t\t\t<\/div>\n\t\t\t\t<\/div>\n\t\t\t\t\t<\/div>\n\t\t<\/div>\n\t\t\t\t\t<\/div>\n\t\t<\/section>\n\t\t\t\t<section class=\"elementor-section elementor-inner-section elementor-element elementor-element-dd48b9a elementor-section-boxed elementor-section-height-default elementor-section-height-default\" data-id=\"dd48b9a\" data-element_type=\"section\" data-e-type=\"section\">\n\t\t\t\t\t\t<div class=\"elementor-container elementor-column-gap-default\">\n\t\t\t\t\t<div class=\"elementor-column elementor-col-50 elementor-inner-column elementor-element elementor-element-259bb7e\" data-id=\"259bb7e\" data-element_type=\"column\" data-e-type=\"column\" data-settings=\"{&quot;background_background&quot;:&quot;classic&quot;}\">\n\t\t\t<div class=\"elementor-widget-wrap elementor-element-populated\">\n\t\t\t\t\t\t<div class=\"elementor-element elementor-element-9fb54e1 elementor-widget elementor-widget-text-editor\" data-id=\"9fb54e1\" data-element_type=\"widget\" data-e-type=\"widget\" data-widget_type=\"text-editor.default\">\n\t\t\t\t<div class=\"elementor-widget-container\">\n\t\t\t\t\t\t\t\t\t<p>01.01.2024<\/p>\t\t\t\t\t\t\t\t<\/div>\n\t\t\t\t<\/div>\n\t\t\t\t\t<\/div>\n\t\t<\/div>\n\t\t\t\t<div class=\"elementor-column elementor-col-50 elementor-inner-column elementor-element elementor-element-c6005bd\" data-id=\"c6005bd\" data-element_type=\"column\" data-e-type=\"column\" data-settings=\"{&quot;background_background&quot;:&quot;classic&quot;}\">\n\t\t\t<div class=\"elementor-widget-wrap elementor-element-populated\">\n\t\t\t\t\t\t<div class=\"elementor-element elementor-element-2ae736e elementor-widget elementor-widget-text-editor\" data-id=\"2ae736e\" data-element_type=\"widget\" data-e-type=\"widget\" data-widget_type=\"text-editor.default\">\n\t\t\t\t<div class=\"elementor-widget-container\">\n\t\t\t\t\t\t\t\t\t<p>La soci\u00e9t\u00e9 ABC SA sera assujettie \u00e0 la TVA d\u00e8s le 01.01.2024<\/p>\t\t\t\t\t\t\t\t<\/div>\n\t\t\t\t<\/div>\n\t\t\t\t\t<\/div>\n\t\t<\/div>\n\t\t\t\t\t<\/div>\n\t\t<\/section>\n\t\t\t\t<div class=\"elementor-element elementor-element-9f84757 elementor-widget elementor-widget-heading\" data-id=\"9f84757\" data-element_type=\"widget\" data-e-type=\"widget\" data-widget_type=\"heading.default\">\n\t\t\t\t<div class=\"elementor-widget-container\">\n\t\t\t\t\t<h3 class=\"elementor-heading-title elementor-size-default\">Exemple d'assujetissement 2<\/h3>\t\t\t\t<\/div>\n\t\t\t\t<\/div>\n\t\t\t\t<section class=\"elementor-section elementor-inner-section elementor-element elementor-element-0790f4c elementor-section-boxed elementor-section-height-default elementor-section-height-default\" data-id=\"0790f4c\" data-element_type=\"section\" data-e-type=\"section\">\n\t\t\t\t\t\t<div class=\"elementor-container elementor-column-gap-default\">\n\t\t\t\t\t<div class=\"elementor-column elementor-col-50 elementor-inner-column elementor-element elementor-element-70fdce9\" data-id=\"70fdce9\" data-element_type=\"column\" data-e-type=\"column\" data-settings=\"{&quot;background_background&quot;:&quot;classic&quot;}\">\n\t\t\t<div class=\"elementor-widget-wrap elementor-element-populated\">\n\t\t\t\t\t\t<div class=\"elementor-element elementor-element-0ade734 elementor-widget elementor-widget-text-editor\" data-id=\"0ade734\" data-element_type=\"widget\" data-e-type=\"widget\" data-widget_type=\"text-editor.default\">\n\t\t\t\t<div class=\"elementor-widget-container\">\n\t\t\t\t\t\t\t\t\t01.01.2022\t\t\t\t\t\t\t\t<\/div>\n\t\t\t\t<\/div>\n\t\t\t\t\t<\/div>\n\t\t<\/div>\n\t\t\t\t<div class=\"elementor-column elementor-col-50 elementor-inner-column elementor-element elementor-element-e539488\" data-id=\"e539488\" data-element_type=\"column\" data-e-type=\"column\" data-settings=\"{&quot;background_background&quot;:&quot;classic&quot;}\">\n\t\t\t<div class=\"elementor-widget-wrap elementor-element-populated\">\n\t\t\t\t\t\t<div class=\"elementor-element elementor-element-3a14480 elementor-widget elementor-widget-text-editor\" data-id=\"3a14480\" data-element_type=\"widget\" data-e-type=\"widget\" data-widget_type=\"text-editor.default\">\n\t\t\t\t<div class=\"elementor-widget-container\">\n\t\t\t\t\t\t\t\t\t<p>Cr\u00e9ation de la Soci\u00e9t\u00e9 ABC SA<\/p>\t\t\t\t\t\t\t\t<\/div>\n\t\t\t\t<\/div>\n\t\t\t\t\t<\/div>\n\t\t<\/div>\n\t\t\t\t\t<\/div>\n\t\t<\/section>\n\t\t\t\t<section class=\"elementor-section elementor-inner-section elementor-element elementor-element-8929774 elementor-section-boxed elementor-section-height-default elementor-section-height-default\" data-id=\"8929774\" data-element_type=\"section\" data-e-type=\"section\">\n\t\t\t\t\t\t<div class=\"elementor-container elementor-column-gap-default\">\n\t\t\t\t\t<div class=\"elementor-column elementor-col-50 elementor-inner-column elementor-element elementor-element-73cc8c6\" data-id=\"73cc8c6\" data-element_type=\"column\" data-e-type=\"column\" data-settings=\"{&quot;background_background&quot;:&quot;classic&quot;}\">\n\t\t\t<div class=\"elementor-widget-wrap elementor-element-populated\">\n\t\t\t\t\t\t<div class=\"elementor-element elementor-element-7dc175a elementor-widget elementor-widget-text-editor\" data-id=\"7dc175a\" data-element_type=\"widget\" data-e-type=\"widget\" data-widget_type=\"text-editor.default\">\n\t\t\t\t<div class=\"elementor-widget-container\">\n\t\t\t\t\t\t\t\t\t<p>31.03.2022<\/p>\t\t\t\t\t\t\t\t<\/div>\n\t\t\t\t<\/div>\n\t\t\t\t\t<\/div>\n\t\t<\/div>\n\t\t\t\t<div class=\"elementor-column elementor-col-50 elementor-inner-column elementor-element elementor-element-d7a0103\" data-id=\"d7a0103\" data-element_type=\"column\" data-e-type=\"column\" data-settings=\"{&quot;background_background&quot;:&quot;classic&quot;}\">\n\t\t\t<div class=\"elementor-widget-wrap elementor-element-populated\">\n\t\t\t\t\t\t<div class=\"elementor-element elementor-element-55d0a53 elementor-widget elementor-widget-text-editor\" data-id=\"55d0a53\" data-element_type=\"widget\" data-e-type=\"widget\" data-widget_type=\"text-editor.default\">\n\t\t\t\t<div class=\"elementor-widget-container\">\n\t\t\t\t\t\t\t\t\t<p>Elle g\u00e9n\u00e8re pour plus de 25&rsquo;000 CHF de prestations imposables<\/p>\t\t\t\t\t\t\t\t<\/div>\n\t\t\t\t<\/div>\n\t\t\t\t\t<\/div>\n\t\t<\/div>\n\t\t\t\t\t<\/div>\n\t\t<\/section>\n\t\t\t\t<section class=\"elementor-section elementor-inner-section elementor-element elementor-element-69c9d72 elementor-section-boxed elementor-section-height-default elementor-section-height-default\" data-id=\"69c9d72\" data-element_type=\"section\" data-e-type=\"section\">\n\t\t\t\t\t\t<div class=\"elementor-container elementor-column-gap-default\">\n\t\t\t\t\t<div class=\"elementor-column elementor-col-50 elementor-inner-column elementor-element elementor-element-a597160\" data-id=\"a597160\" data-element_type=\"column\" data-e-type=\"column\" data-settings=\"{&quot;background_background&quot;:&quot;classic&quot;}\">\n\t\t\t<div class=\"elementor-widget-wrap elementor-element-populated\">\n\t\t\t\t\t\t<div class=\"elementor-element elementor-element-eccb797 elementor-widget elementor-widget-text-editor\" data-id=\"eccb797\" data-element_type=\"widget\" data-e-type=\"widget\" data-widget_type=\"text-editor.default\">\n\t\t\t\t<div class=\"elementor-widget-container\">\n\t\t\t\t\t\t\t\t\t<p>01.04.2022<\/p>\t\t\t\t\t\t\t\t<\/div>\n\t\t\t\t<\/div>\n\t\t\t\t\t<\/div>\n\t\t<\/div>\n\t\t\t\t<div class=\"elementor-column elementor-col-50 elementor-inner-column elementor-element elementor-element-5f349fa\" data-id=\"5f349fa\" data-element_type=\"column\" data-e-type=\"column\" data-settings=\"{&quot;background_background&quot;:&quot;classic&quot;}\">\n\t\t\t<div class=\"elementor-widget-wrap elementor-element-populated\">\n\t\t\t\t\t\t<div class=\"elementor-element elementor-element-3411f97 elementor-widget elementor-widget-text-editor\" data-id=\"3411f97\" data-element_type=\"widget\" data-e-type=\"widget\" data-widget_type=\"text-editor.default\">\n\t\t\t\t<div class=\"elementor-widget-container\">\n\t\t\t\t\t\t\t\t\t<p>Elle d\u00e9cide de s\u2019assujettir d\u00e8s le 1er jour du 4 mois<\/p>\t\t\t\t\t\t\t\t<\/div>\n\t\t\t\t<\/div>\n\t\t\t\t\t<\/div>\n\t\t<\/div>\n\t\t\t\t\t<\/div>\n\t\t<\/section>\n\t\t\t\t<section class=\"elementor-section elementor-inner-section elementor-element elementor-element-fae30e3 elementor-section-boxed elementor-section-height-default elementor-section-height-default\" data-id=\"fae30e3\" data-element_type=\"section\" data-e-type=\"section\">\n\t\t\t\t\t\t<div class=\"elementor-container elementor-column-gap-default\">\n\t\t\t\t\t<div class=\"elementor-column elementor-col-50 elementor-inner-column elementor-element elementor-element-40cd31e\" data-id=\"40cd31e\" data-element_type=\"column\" data-e-type=\"column\" data-settings=\"{&quot;background_background&quot;:&quot;classic&quot;}\">\n\t\t\t<div class=\"elementor-widget-wrap elementor-element-populated\">\n\t\t\t\t\t\t<div class=\"elementor-element elementor-element-221f803 elementor-widget elementor-widget-text-editor\" data-id=\"221f803\" data-element_type=\"widget\" data-e-type=\"widget\" data-widget_type=\"text-editor.default\">\n\t\t\t\t<div class=\"elementor-widget-container\">\n\t\t\t\t\t\t\t\t\t<p>01.04.2022<\/p>\t\t\t\t\t\t\t\t<\/div>\n\t\t\t\t<\/div>\n\t\t\t\t\t<\/div>\n\t\t<\/div>\n\t\t\t\t<div class=\"elementor-column elementor-col-50 elementor-inner-column elementor-element elementor-element-b57ad05\" data-id=\"b57ad05\" data-element_type=\"column\" data-e-type=\"column\" data-settings=\"{&quot;background_background&quot;:&quot;classic&quot;}\">\n\t\t\t<div class=\"elementor-widget-wrap elementor-element-populated\">\n\t\t\t\t\t\t<div class=\"elementor-element elementor-element-aaa2d3c elementor-widget elementor-widget-text-editor\" data-id=\"aaa2d3c\" data-element_type=\"widget\" data-e-type=\"widget\" data-widget_type=\"text-editor.default\">\n\t\t\t\t<div class=\"elementor-widget-container\">\n\t\t\t\t\t\t\t\t\t<p>Elle fait attention et modifie ses factures afin de facturer la TVA<\/p>\t\t\t\t\t\t\t\t<\/div>\n\t\t\t\t<\/div>\n\t\t\t\t\t<\/div>\n\t\t<\/div>\n\t\t\t\t\t<\/div>\n\t\t<\/section>\n\t\t\t\t<div class=\"elementor-element elementor-element-b08965d elementor-widget elementor-widget-text-editor\" data-id=\"b08965d\" data-element_type=\"widget\" data-e-type=\"widget\" data-widget_type=\"text-editor.default\">\n\t\t\t\t<div class=\"elementor-widget-container\">\n\t\t\t\t\t\t\t\t\t<p>Il est important pour une entreprise Suisse de faire une \u00e9valuation de son chiffre d\u2019affaires apr\u00e8s 3 mois d\u2019activit\u00e9. Si le chiffre d\u2019affaires d\u00e9passe <strong>25&rsquo;000 CHF<\/strong> la soci\u00e9t\u00e9 a le choix entre:<\/p><p>(1) s\u2019assujettir \u00e0 la TVA \u00e0 partir du premier jour d\u2019activit\u00e9. Elle pourra ainsi r\u00e9cup\u00e9rer la TVA pay\u00e9 durant ce temps, mais devra \u00e9galement payer la TVA sur son chiffre d\u2019affaires imposable en Suisse r\u00e9alis\u00e9 durant les 3 premiers mois d\u2019activit\u00e9.<\/p><p>(2) Commencer son assujettissement apr\u00e8s le 1er jour du 4\u00e8me mois. Elle \u00e9vite ainsi de r\u00e9gler la TVA sur son chiffre d\u2019affaires pour lequel elle n\u2019a pas pu pr\u00e9lever la TVA mais ne pourra pas r\u00e9cup\u00e9rer la TVA sur les achats et investissements fait durant les 3 premiers mois.<\/p>\t\t\t\t\t\t\t\t<\/div>\n\t\t\t\t<\/div>\n\t\t\t\t<div class=\"elementor-element elementor-element-2b028a8 elementor-widget elementor-widget-heading\" data-id=\"2b028a8\" data-element_type=\"widget\" data-e-type=\"widget\" data-widget_type=\"heading.default\">\n\t\t\t\t<div class=\"elementor-widget-container\">\n\t\t\t\t\t<h3 class=\"elementor-heading-title elementor-size-default\">Fin de l\u2019assujettissement \u00e0 la TVA<\/h3>\t\t\t\t<\/div>\n\t\t\t\t<\/div>\n\t\t\t\t<section class=\"elementor-section elementor-inner-section elementor-element elementor-element-50d9fb3 elementor-section-boxed elementor-section-height-default elementor-section-height-default\" data-id=\"50d9fb3\" data-element_type=\"section\" data-e-type=\"section\">\n\t\t\t\t\t\t<div class=\"elementor-container elementor-column-gap-default\">\n\t\t\t\t\t<div class=\"elementor-column elementor-col-50 elementor-inner-column elementor-element elementor-element-afd62ef\" data-id=\"afd62ef\" data-element_type=\"column\" data-e-type=\"column\" data-settings=\"{&quot;background_background&quot;:&quot;classic&quot;}\">\n\t\t\t<div class=\"elementor-widget-wrap elementor-element-populated\">\n\t\t\t\t\t\t<div class=\"elementor-element elementor-element-c6b94ce elementor-widget elementor-widget-text-editor\" data-id=\"c6b94ce\" data-element_type=\"widget\" data-e-type=\"widget\" data-widget_type=\"text-editor.default\">\n\t\t\t\t<div class=\"elementor-widget-container\">\n\t\t\t\t\t\t\t\t\t<p>Entreprise ayant son si\u00e8ge, domicile ou un \u00e9tablissement stable sur le territoire suisse<\/p>\t\t\t\t\t\t\t\t<\/div>\n\t\t\t\t<\/div>\n\t\t\t\t\t<\/div>\n\t\t<\/div>\n\t\t\t\t<div class=\"elementor-column elementor-col-50 elementor-inner-column elementor-element elementor-element-9a797eb\" data-id=\"9a797eb\" data-element_type=\"column\" data-e-type=\"column\" data-settings=\"{&quot;background_background&quot;:&quot;classic&quot;}\">\n\t\t\t<div class=\"elementor-widget-wrap elementor-element-populated\">\n\t\t\t\t\t\t<div class=\"elementor-element elementor-element-4228721 elementor-widget elementor-widget-text-editor\" data-id=\"4228721\" data-element_type=\"widget\" data-e-type=\"widget\" data-widget_type=\"text-editor.default\">\n\t\t\t\t<div class=\"elementor-widget-container\">\n\t\t\t\t\t\t\t\t\t<p>a\u0300 la cessation de l\u2019activit\u00e9 entrepreneuriale<\/p>\t\t\t\t\t\t\t\t<\/div>\n\t\t\t\t<\/div>\n\t\t\t\t\t<\/div>\n\t\t<\/div>\n\t\t\t\t\t<\/div>\n\t\t<\/section>\n\t\t\t\t<section class=\"elementor-section elementor-inner-section elementor-element elementor-element-17d2c09 elementor-section-boxed elementor-section-height-default elementor-section-height-default\" data-id=\"17d2c09\" data-element_type=\"section\" data-e-type=\"section\">\n\t\t\t\t\t\t<div class=\"elementor-container elementor-column-gap-default\">\n\t\t\t\t\t<div class=\"elementor-column elementor-col-50 elementor-inner-column elementor-element elementor-element-4e3ac19\" data-id=\"4e3ac19\" data-element_type=\"column\" data-e-type=\"column\" data-settings=\"{&quot;background_background&quot;:&quot;classic&quot;}\">\n\t\t\t<div class=\"elementor-widget-wrap elementor-element-populated\">\n\t\t\t\t\t\t<div class=\"elementor-element elementor-element-6d747cc elementor-widget elementor-widget-text-editor\" data-id=\"6d747cc\" data-element_type=\"widget\" data-e-type=\"widget\" data-widget_type=\"text-editor.default\">\n\t\t\t\t<div class=\"elementor-widget-container\">\n\t\t\t\t\t\t\t\t\t<p>En cas de liquidation<\/p>\t\t\t\t\t\t\t\t<\/div>\n\t\t\t\t<\/div>\n\t\t\t\t\t<\/div>\n\t\t<\/div>\n\t\t\t\t<div class=\"elementor-column elementor-col-50 elementor-inner-column elementor-element elementor-element-58ac122\" data-id=\"58ac122\" data-element_type=\"column\" data-e-type=\"column\" data-settings=\"{&quot;background_background&quot;:&quot;classic&quot;}\">\n\t\t\t<div class=\"elementor-widget-wrap elementor-element-populated\">\n\t\t\t\t\t\t<div class=\"elementor-element elementor-element-c861085 elementor-widget elementor-widget-text-editor\" data-id=\"c861085\" data-element_type=\"widget\" data-e-type=\"widget\" data-widget_type=\"text-editor.default\">\n\t\t\t\t<div class=\"elementor-widget-container\">\n\t\t\t\t\t\t\t\t\t<p>a\u0300 la cl\u00f4ture de la proc\u00e9dure de liquidation<\/p>\t\t\t\t\t\t\t\t<\/div>\n\t\t\t\t<\/div>\n\t\t\t\t\t<\/div>\n\t\t<\/div>\n\t\t\t\t\t<\/div>\n\t\t<\/section>\n\t\t\t\t<section class=\"elementor-section elementor-inner-section elementor-element elementor-element-a2b4db4 elementor-section-boxed elementor-section-height-default elementor-section-height-default\" data-id=\"a2b4db4\" data-element_type=\"section\" data-e-type=\"section\">\n\t\t\t\t\t\t<div class=\"elementor-container elementor-column-gap-default\">\n\t\t\t\t\t<div class=\"elementor-column elementor-col-50 elementor-inner-column elementor-element elementor-element-5c467b9\" data-id=\"5c467b9\" data-element_type=\"column\" data-e-type=\"column\" data-settings=\"{&quot;background_background&quot;:&quot;classic&quot;}\">\n\t\t\t<div class=\"elementor-widget-wrap elementor-element-populated\">\n\t\t\t\t\t\t<div class=\"elementor-element elementor-element-dea0fbf elementor-widget elementor-widget-text-editor\" data-id=\"dea0fbf\" data-element_type=\"widget\" data-e-type=\"widget\" data-widget_type=\"text-editor.default\">\n\t\t\t\t<div class=\"elementor-widget-container\">\n\t\t\t\t\t\t\t\t\t<p>Toutes les autres entreprises<\/p>\t\t\t\t\t\t\t\t<\/div>\n\t\t\t\t<\/div>\n\t\t\t\t\t<\/div>\n\t\t<\/div>\n\t\t\t\t<div class=\"elementor-column elementor-col-50 elementor-inner-column elementor-element elementor-element-742e0f0\" data-id=\"742e0f0\" data-element_type=\"column\" data-e-type=\"column\" data-settings=\"{&quot;background_background&quot;:&quot;classic&quot;}\">\n\t\t\t<div class=\"elementor-widget-wrap elementor-element-populated\">\n\t\t\t\t\t\t<div class=\"elementor-element elementor-element-917087d elementor-widget elementor-widget-text-editor\" data-id=\"917087d\" data-element_type=\"widget\" data-e-type=\"widget\" data-widget_type=\"text-editor.default\">\n\t\t\t\t<div class=\"elementor-widget-container\">\n\t\t\t\t\t\t\t\t\t<p>a\u0300 la fin de l\u2019ann\u00e9e civile au cours de laquelle elles fournissent pour la derni\u00e8re fois une prestation sur le territoire suisse<\/p>\t\t\t\t\t\t\t\t<\/div>\n\t\t\t\t<\/div>\n\t\t\t\t\t<\/div>\n\t\t<\/div>\n\t\t\t\t\t<\/div>\n\t\t<\/section>\n\t\t\t\t<div class=\"elementor-element elementor-element-236a057 elementor-widget elementor-widget-text-editor\" data-id=\"236a057\" data-element_type=\"widget\" data-e-type=\"widget\" data-widget_type=\"text-editor.default\">\n\t\t\t\t<div class=\"elementor-widget-container\">\n\t\t\t\t\t\t\t\t\t<p>Si le chiffre d\u2019affaires de l\u2019assujetti n\u2019atteint plus le montant d\u00e9terminant de <strong>100&rsquo;000 CHF<\/strong> et qu&rsquo;il y a lieu de supposer que le chiffre d\u2019affaires d\u00e9terminant ne sera pas atteint non plus pendant la p\u00e9riode fiscale suivante, l\u2019assujetti doit l\u2019annoncer.<\/p><p>Il peut le faire au plus t\u00f4t pour la fin de la p\u00e9riode fiscale au cours de laquelle le montant d\u00e9terminant risque d\u2019\u00eatre atteint. Sa renonciation prendra effet d\u00e8s la p\u00e9riode fiscale suivante. S\u2019il ne le fait pas, il est r\u00e9put\u00e9 vouloir rester assujetti de fa\u00e7on <strong>volontaire<\/strong>.<\/p><p>Il convient d&rsquo;\u00eatre rendu\u00a0 attentif qu\u2019en cas de fin d\u2019assujettissement \u00e0 la TVA, un <strong>calcul r\u00e9troactif<\/strong> pour tous les achats\/investissement sur lesquels la TVA a \u00e9t\u00e9 r\u00e9cup\u00e9r\u00e9e devra \u00eatre fait. Cela s\u2019explique par le fait que ces objets vont passer de servir \u00e0 la cause entrepreneuriale \u00e0 une cause priv\u00e9e, il faudra donc faire une correction de la d\u00e9duction de l\u2019imp\u00f4t pr\u00e9alable (CORDIP).<\/p>\t\t\t\t\t\t\t\t<\/div>\n\t\t\t\t<\/div>\n\t\t\t\t<div class=\"elementor-element elementor-element-f868232 elementor-widget elementor-widget-heading\" data-id=\"f868232\" data-element_type=\"widget\" data-e-type=\"widget\" data-widget_type=\"heading.default\">\n\t\t\t\t<div class=\"elementor-widget-container\">\n\t\t\t\t\t<h2 class=\"elementor-heading-title elementor-size-default\">Taux de TVA en Suisse en 2025<\/h2>\t\t\t\t<\/div>\n\t\t\t\t<\/div>\n\t\t\t\t<div class=\"elementor-element elementor-element-0f6a82c elementor-widget elementor-widget-text-editor\" data-id=\"0f6a82c\" data-element_type=\"widget\" data-e-type=\"widget\" data-widget_type=\"text-editor.default\">\n\t\t\t\t<div class=\"elementor-widget-container\">\n\t\t\t\t\t\t\t\t\t<p>Les taux de TVA en suisse sont les suivants\u00a0:<\/p>\t\t\t\t\t\t\t\t<\/div>\n\t\t\t\t<\/div>\n\t\t\t\t<section class=\"elementor-section elementor-inner-section elementor-element elementor-element-ee58e15 elementor-section-boxed elementor-section-height-default elementor-section-height-default\" data-id=\"ee58e15\" data-element_type=\"section\" data-e-type=\"section\">\n\t\t\t\t\t\t<div class=\"elementor-container elementor-column-gap-default\">\n\t\t\t\t\t<div class=\"elementor-column elementor-col-50 elementor-inner-column elementor-element elementor-element-c3fbf14\" data-id=\"c3fbf14\" data-element_type=\"column\" data-e-type=\"column\" data-settings=\"{&quot;background_background&quot;:&quot;classic&quot;}\">\n\t\t\t<div class=\"elementor-widget-wrap elementor-element-populated\">\n\t\t\t\t\t\t<div class=\"elementor-element elementor-element-3e1fa59 elementor-widget elementor-widget-text-editor\" data-id=\"3e1fa59\" data-element_type=\"widget\" data-e-type=\"widget\" data-widget_type=\"text-editor.default\">\n\t\t\t\t<div class=\"elementor-widget-container\">\n\t\t\t\t\t\t\t\t\t<p>8.1% Taux normal<\/p>\t\t\t\t\t\t\t\t<\/div>\n\t\t\t\t<\/div>\n\t\t\t\t\t<\/div>\n\t\t<\/div>\n\t\t\t\t<div class=\"elementor-column elementor-col-50 elementor-inner-column elementor-element elementor-element-d83d215\" data-id=\"d83d215\" data-element_type=\"column\" data-e-type=\"column\" data-settings=\"{&quot;background_background&quot;:&quot;classic&quot;}\">\n\t\t\t<div class=\"elementor-widget-wrap elementor-element-populated\">\n\t\t\t\t\t\t<div class=\"elementor-element elementor-element-dde6c47 elementor-widget elementor-widget-text-editor\" data-id=\"dde6c47\" data-element_type=\"widget\" data-e-type=\"widget\" data-widget_type=\"text-editor.default\">\n\t\t\t\t<div class=\"elementor-widget-container\">\n\t\t\t\t\t\t\t\t\t<p>Art.25 al.1 LTVA<\/p>\t\t\t\t\t\t\t\t<\/div>\n\t\t\t\t<\/div>\n\t\t\t\t\t<\/div>\n\t\t<\/div>\n\t\t\t\t\t<\/div>\n\t\t<\/section>\n\t\t\t\t<div class=\"elementor-element elementor-element-51e3982 elementor-widget elementor-widget-text-editor\" data-id=\"51e3982\" data-element_type=\"widget\" data-e-type=\"widget\" data-widget_type=\"text-editor.default\">\n\t\t\t\t<div class=\"elementor-widget-container\">\n\t\t\t\t\t\t\t\t\t<p>C\u2019est le taux qui est g\u00e9n\u00e9ralement utilis\u00e9 dans les prestations de services et la vente de biens.<\/p><p>Par exemple, est soumis au taux de 8.1% : Conseil fiscal, Prestation de peinture, Repas pris sur place, Toute vente de bien ou services n\u2019\u00e9tant pas soumis aux taux de 2.6% ou 3.8%<\/p>\t\t\t\t\t\t\t\t<\/div>\n\t\t\t\t<\/div>\n\t\t\t\t<section class=\"elementor-section elementor-inner-section elementor-element elementor-element-c216f68 elementor-section-boxed elementor-section-height-default elementor-section-height-default\" data-id=\"c216f68\" data-element_type=\"section\" data-e-type=\"section\">\n\t\t\t\t\t\t<div class=\"elementor-container elementor-column-gap-default\">\n\t\t\t\t\t<div class=\"elementor-column elementor-col-50 elementor-inner-column elementor-element elementor-element-94ac20b\" data-id=\"94ac20b\" data-element_type=\"column\" data-e-type=\"column\" data-settings=\"{&quot;background_background&quot;:&quot;classic&quot;}\">\n\t\t\t<div class=\"elementor-widget-wrap elementor-element-populated\">\n\t\t\t\t\t\t<div class=\"elementor-element elementor-element-95e3457 elementor-widget elementor-widget-text-editor\" data-id=\"95e3457\" data-element_type=\"widget\" data-e-type=\"widget\" data-widget_type=\"text-editor.default\">\n\t\t\t\t<div class=\"elementor-widget-container\">\n\t\t\t\t\t\t\t\t\t<p><strong>2.6% Taux r\u00e9duit<\/strong><\/p>\t\t\t\t\t\t\t\t<\/div>\n\t\t\t\t<\/div>\n\t\t\t\t\t<\/div>\n\t\t<\/div>\n\t\t\t\t<div class=\"elementor-column elementor-col-50 elementor-inner-column elementor-element elementor-element-dd68f8d\" data-id=\"dd68f8d\" data-element_type=\"column\" data-e-type=\"column\" data-settings=\"{&quot;background_background&quot;:&quot;classic&quot;}\">\n\t\t\t<div class=\"elementor-widget-wrap elementor-element-populated\">\n\t\t\t\t\t\t<div class=\"elementor-element elementor-element-08b1771 elementor-widget elementor-widget-text-editor\" data-id=\"08b1771\" data-element_type=\"widget\" data-e-type=\"widget\" data-widget_type=\"text-editor.default\">\n\t\t\t\t<div class=\"elementor-widget-container\">\n\t\t\t\t\t\t\t\t\t<p>Art.25 al.2 &amp; al.3 LTVA<\/p>\t\t\t\t\t\t\t\t<\/div>\n\t\t\t\t<\/div>\n\t\t\t\t\t<\/div>\n\t\t<\/div>\n\t\t\t\t\t<\/div>\n\t\t<\/section>\n\t\t\t\t<div class=\"elementor-element elementor-element-80cc470 elementor-widget elementor-widget-text-editor\" data-id=\"80cc470\" data-element_type=\"widget\" data-e-type=\"widget\" data-widget_type=\"text-editor.default\">\n\t\t\t\t<div class=\"elementor-widget-container\">\n\t\t\t\t\t\t\t\t\t<p>Ce taux s\u2019applique dans les cas explicitement vis\u00e9s par la loi, notamment :<\/p>\t\t\t\t\t\t\t\t<\/div>\n\t\t\t\t<\/div>\n\t\t\t\t<div class=\"elementor-element elementor-element-be0aa4d elementor-icon-list--layout-traditional elementor-list-item-link-full_width elementor-widget elementor-widget-icon-list\" data-id=\"be0aa4d\" data-element_type=\"widget\" data-e-type=\"widget\" data-widget_type=\"icon-list.default\">\n\t\t\t\t<div class=\"elementor-widget-container\">\n\t\t\t\t\t\t\t<ul class=\"elementor-icon-list-items\">\n\t\t\t\t\t\t\t<li class=\"elementor-icon-list-item\">\n\t\t\t\t\t\t\t\t\t\t\t<span class=\"elementor-icon-list-icon\">\n\t\t\t\t\t\t\t<i aria-hidden=\"true\" class=\"fas fa-arrow-right\"><\/i>\t\t\t\t\t\t<\/span>\n\t\t\t\t\t\t\t\t\t\t<span class=\"elementor-icon-list-text\">Les denr\u00e9es alimentaires (sauf boissons alcooliques)<\/span>\n\t\t\t\t\t\t\t\t\t<\/li>\n\t\t\t\t\t\t\t\t<li class=\"elementor-icon-list-item\">\n\t\t\t\t\t\t\t\t\t\t\t<span class=\"elementor-icon-list-icon\">\n\t\t\t\t\t\t\t<i aria-hidden=\"true\" class=\"fas fa-arrow-right\"><\/i>\t\t\t\t\t\t<\/span>\n\t\t\t\t\t\t\t\t\t\t<span class=\"elementor-icon-list-text\">Les m\u00e9dicaments \u2013 Art.49 OTVA<\/span>\n\t\t\t\t\t\t\t\t\t<\/li>\n\t\t\t\t\t\t\t\t<li class=\"elementor-icon-list-item\">\n\t\t\t\t\t\t\t\t\t\t\t<span class=\"elementor-icon-list-icon\">\n\t\t\t\t\t\t\t<i aria-hidden=\"true\" class=\"fas fa-arrow-right\"><\/i>\t\t\t\t\t\t<\/span>\n\t\t\t\t\t\t\t\t\t\t<span class=\"elementor-icon-list-text\">Les journaux et revues sans caract\u00e8re publicitaire \u2013 Art.50 OTVA<\/span>\n\t\t\t\t\t\t\t\t\t<\/li>\n\t\t\t\t\t\t<\/ul>\n\t\t\t\t\t\t<\/div>\n\t\t\t\t<\/div>\n\t\t\t\t<section class=\"elementor-section elementor-inner-section elementor-element elementor-element-39d2276 elementor-section-boxed elementor-section-height-default elementor-section-height-default\" data-id=\"39d2276\" data-element_type=\"section\" data-e-type=\"section\">\n\t\t\t\t\t\t<div class=\"elementor-container elementor-column-gap-default\">\n\t\t\t\t\t<div class=\"elementor-column elementor-col-50 elementor-inner-column elementor-element elementor-element-3b56276\" data-id=\"3b56276\" data-element_type=\"column\" data-e-type=\"column\" data-settings=\"{&quot;background_background&quot;:&quot;classic&quot;}\">\n\t\t\t<div class=\"elementor-widget-wrap elementor-element-populated\">\n\t\t\t\t\t\t<div class=\"elementor-element elementor-element-d13370e elementor-widget elementor-widget-text-editor\" data-id=\"d13370e\" data-element_type=\"widget\" data-e-type=\"widget\" data-widget_type=\"text-editor.default\">\n\t\t\t\t<div class=\"elementor-widget-container\">\n\t\t\t\t\t\t\t\t\t<p><strong>3.8% Taux sp\u00e9cial<\/strong><\/p>\t\t\t\t\t\t\t\t<\/div>\n\t\t\t\t<\/div>\n\t\t\t\t\t<\/div>\n\t\t<\/div>\n\t\t\t\t<div class=\"elementor-column elementor-col-50 elementor-inner-column elementor-element elementor-element-4604f20\" data-id=\"4604f20\" data-element_type=\"column\" data-e-type=\"column\" data-settings=\"{&quot;background_background&quot;:&quot;classic&quot;}\">\n\t\t\t<div class=\"elementor-widget-wrap elementor-element-populated\">\n\t\t\t\t\t\t<div class=\"elementor-element elementor-element-fdac6cd elementor-widget elementor-widget-text-editor\" data-id=\"fdac6cd\" data-element_type=\"widget\" data-e-type=\"widget\" data-widget_type=\"text-editor.default\">\n\t\t\t\t<div class=\"elementor-widget-container\">\n\t\t\t\t\t\t\t\t\t<p>Art.25 al.4 LTVA<\/p>\t\t\t\t\t\t\t\t<\/div>\n\t\t\t\t<\/div>\n\t\t\t\t\t<\/div>\n\t\t<\/div>\n\t\t\t\t\t<\/div>\n\t\t<\/section>\n\t\t\t\t<div class=\"elementor-element elementor-element-81e50ca elementor-widget elementor-widget-text-editor\" data-id=\"81e50ca\" data-element_type=\"widget\" data-e-type=\"widget\" data-widget_type=\"text-editor.default\">\n\t\t\t\t<div class=\"elementor-widget-container\">\n\t\t\t\t\t\t\t\t\t<p>Ce taux concerne le secteur de l\u2019<strong>h\u00e9bergement<\/strong>. Par secteur de l\u2019h\u00e9bergement on entend le logement avec petit d\u00e9jeuner m\u00eame si celui-ci est factur\u00e9 s\u00e9par\u00e9ment.<\/p>\t\t\t\t\t\t\t\t<\/div>\n\t\t\t\t<\/div>\n\t\t\t\t<div class=\"elementor-element elementor-element-8b16872 elementor-widget elementor-widget-heading\" data-id=\"8b16872\" data-element_type=\"widget\" data-e-type=\"widget\" data-widget_type=\"heading.default\">\n\t\t\t\t<div class=\"elementor-widget-container\">\n\t\t\t\t\t<h2 class=\"elementor-heading-title elementor-size-default\">Comment s\u2019inscrire \u00e0 la TVA Suisse\u00a0?<\/h2>\t\t\t\t<\/div>\n\t\t\t\t<\/div>\n\t\t\t\t<div class=\"elementor-element elementor-element-a58a3e1 elementor-widget elementor-widget-text-editor\" data-id=\"a58a3e1\" data-element_type=\"widget\" data-e-type=\"widget\" data-widget_type=\"text-editor.default\">\n\t\t\t\t<div class=\"elementor-widget-container\">\n\t\t\t\t\t\t\t\t\t<div>L\u2019<strong>inscription \u00e0 la TVA<\/strong> se fait sur le site officiel de l\u2019Administration F\u00e9d\u00e9rale des Contributions. Pour votre inscription il est n\u00e9cessaire de vous munir des documents suivants\u00a0:\u00a0<\/div>\t\t\t\t\t\t\t\t<\/div>\n\t\t\t\t<\/div>\n\t\t\t\t<div class=\"elementor-element elementor-element-9ae2991 elementor-icon-list--layout-traditional elementor-list-item-link-full_width elementor-widget elementor-widget-icon-list\" data-id=\"9ae2991\" data-element_type=\"widget\" data-e-type=\"widget\" data-widget_type=\"icon-list.default\">\n\t\t\t\t<div class=\"elementor-widget-container\">\n\t\t\t\t\t\t\t<ul class=\"elementor-icon-list-items\">\n\t\t\t\t\t\t\t<li class=\"elementor-icon-list-item\">\n\t\t\t\t\t\t\t\t\t\t\t<span class=\"elementor-icon-list-icon\">\n\t\t\t\t\t\t\t<svg xmlns=\"http:\/\/www.w3.org\/2000\/svg\" id=\"ba70b1c4-5bae-4555-bc07-a843f0555fc7\" data-name=\"Layer 1\" viewBox=\"0 0 32.979 32\"><g id=\"b56c1629-3605-49a6-a5a2-6e0ad1366455\" data-name=\"Page-1\"><g id=\"b672b96b-826c-4d33-a4d3-1399b300653f\" data-name=\"Homepage\"><g id=\"ba7d1b89-bd75-4e14-908f-0f1da3ccafb5\" data-name=\"Section-2\"><g id=\"ec5a0e1c-5428-4b9d-a5e5-e88cfab1314c\" data-name=\"Group-14\"><g id=\"bbdb9cc5-333a-42d8-a01d-00241f0ac5b5\" data-name=\"checked\"><path id=\"b7a04dda-4f32-4d1e-b028-755732165484\" data-name=\"Path\" d=\"M32.6244,1.0123A1.2067,1.2067,0,0,0,30.9076,1.01L15.3627,18.009l-3.9646-4.0539a1.2074,1.2074,0,0,0-1.7156-.0715,1.2318,1.2318,0,0,0-.0708,1.73l4.82,4.991A1.2083,1.2083,0,0,0,15.3,21l.026,0a1.2107,1.2107,0,0,0,.8572-.3571L32.6221,2.7441A1.2317,1.2317,0,0,0,32.6244,1.0123Z\"><\/path><path id=\"f50529a8-5597-4376-bdaf-5cbaa66b1afb\" data-name=\"Path\" d=\"M30.7939,14.7939A1.206,1.206,0,0,0,29.5879,16,13.5879,13.5879,0,1,1,16,2.4121,1.2061,1.2061,0,1,0,16,0,16,16,0,1,0,32,16,1.206,1.206,0,0,0,30.7939,14.7939Z\"><\/path><\/g><\/g><\/g><\/g><\/g><\/svg>\t\t\t\t\t\t<\/span>\n\t\t\t\t\t\t\t\t\t\t<span class=\"elementor-icon-list-text\">Extrait du Registre du Commerce et votre num\u00e9ro IDE<\/span>\n\t\t\t\t\t\t\t\t\t<\/li>\n\t\t\t\t\t\t\t\t<li class=\"elementor-icon-list-item\">\n\t\t\t\t\t\t\t\t\t\t\t<span class=\"elementor-icon-list-icon\">\n\t\t\t\t\t\t\t<svg xmlns=\"http:\/\/www.w3.org\/2000\/svg\" id=\"ba70b1c4-5bae-4555-bc07-a843f0555fc7\" data-name=\"Layer 1\" viewBox=\"0 0 32.979 32\"><g id=\"b56c1629-3605-49a6-a5a2-6e0ad1366455\" data-name=\"Page-1\"><g id=\"b672b96b-826c-4d33-a4d3-1399b300653f\" data-name=\"Homepage\"><g id=\"ba7d1b89-bd75-4e14-908f-0f1da3ccafb5\" data-name=\"Section-2\"><g id=\"ec5a0e1c-5428-4b9d-a5e5-e88cfab1314c\" data-name=\"Group-14\"><g id=\"bbdb9cc5-333a-42d8-a01d-00241f0ac5b5\" data-name=\"checked\"><path id=\"b7a04dda-4f32-4d1e-b028-755732165484\" data-name=\"Path\" d=\"M32.6244,1.0123A1.2067,1.2067,0,0,0,30.9076,1.01L15.3627,18.009l-3.9646-4.0539a1.2074,1.2074,0,0,0-1.7156-.0715,1.2318,1.2318,0,0,0-.0708,1.73l4.82,4.991A1.2083,1.2083,0,0,0,15.3,21l.026,0a1.2107,1.2107,0,0,0,.8572-.3571L32.6221,2.7441A1.2317,1.2317,0,0,0,32.6244,1.0123Z\"><\/path><path id=\"f50529a8-5597-4376-bdaf-5cbaa66b1afb\" data-name=\"Path\" d=\"M30.7939,14.7939A1.206,1.206,0,0,0,29.5879,16,13.5879,13.5879,0,1,1,16,2.4121,1.2061,1.2061,0,1,0,16,0,16,16,0,1,0,32,16,1.206,1.206,0,0,0,30.7939,14.7939Z\"><\/path><\/g><\/g><\/g><\/g><\/g><\/svg>\t\t\t\t\t\t<\/span>\n\t\t\t\t\t\t\t\t\t\t<span class=\"elementor-icon-list-text\">Pour les soci\u00e9t\u00e9s simples non inscrites au registre du commerce, de votre N\u00b0 d\u2019assurance sociale<\/span>\n\t\t\t\t\t\t\t\t\t<\/li>\n\t\t\t\t\t\t\t\t<li class=\"elementor-icon-list-item\">\n\t\t\t\t\t\t\t\t\t\t\t<span class=\"elementor-icon-list-icon\">\n\t\t\t\t\t\t\t<svg xmlns=\"http:\/\/www.w3.org\/2000\/svg\" id=\"ba70b1c4-5bae-4555-bc07-a843f0555fc7\" data-name=\"Layer 1\" viewBox=\"0 0 32.979 32\"><g id=\"b56c1629-3605-49a6-a5a2-6e0ad1366455\" data-name=\"Page-1\"><g id=\"b672b96b-826c-4d33-a4d3-1399b300653f\" data-name=\"Homepage\"><g id=\"ba7d1b89-bd75-4e14-908f-0f1da3ccafb5\" data-name=\"Section-2\"><g id=\"ec5a0e1c-5428-4b9d-a5e5-e88cfab1314c\" data-name=\"Group-14\"><g id=\"bbdb9cc5-333a-42d8-a01d-00241f0ac5b5\" data-name=\"checked\"><path id=\"b7a04dda-4f32-4d1e-b028-755732165484\" data-name=\"Path\" d=\"M32.6244,1.0123A1.2067,1.2067,0,0,0,30.9076,1.01L15.3627,18.009l-3.9646-4.0539a1.2074,1.2074,0,0,0-1.7156-.0715,1.2318,1.2318,0,0,0-.0708,1.73l4.82,4.991A1.2083,1.2083,0,0,0,15.3,21l.026,0a1.2107,1.2107,0,0,0,.8572-.3571L32.6221,2.7441A1.2317,1.2317,0,0,0,32.6244,1.0123Z\"><\/path><path id=\"f50529a8-5597-4376-bdaf-5cbaa66b1afb\" data-name=\"Path\" d=\"M30.7939,14.7939A1.206,1.206,0,0,0,29.5879,16,13.5879,13.5879,0,1,1,16,2.4121,1.2061,1.2061,0,1,0,16,0,16,16,0,1,0,32,16,1.206,1.206,0,0,0,30.7939,14.7939Z\"><\/path><\/g><\/g><\/g><\/g><\/g><\/svg>\t\t\t\t\t\t<\/span>\n\t\t\t\t\t\t\t\t\t\t<span class=\"elementor-icon-list-text\">Chiffres d\u2019affaires r\u00e9alis\u00e9 la premi\u00e8re ann\u00e9e ou perspectives de chiffre d\u2019affaires<\/span>\n\t\t\t\t\t\t\t\t\t<\/li>\n\t\t\t\t\t\t\t\t<li class=\"elementor-icon-list-item\">\n\t\t\t\t\t\t\t\t\t\t\t<span class=\"elementor-icon-list-icon\">\n\t\t\t\t\t\t\t<svg xmlns=\"http:\/\/www.w3.org\/2000\/svg\" id=\"ba70b1c4-5bae-4555-bc07-a843f0555fc7\" data-name=\"Layer 1\" viewBox=\"0 0 32.979 32\"><g id=\"b56c1629-3605-49a6-a5a2-6e0ad1366455\" data-name=\"Page-1\"><g id=\"b672b96b-826c-4d33-a4d3-1399b300653f\" data-name=\"Homepage\"><g id=\"ba7d1b89-bd75-4e14-908f-0f1da3ccafb5\" data-name=\"Section-2\"><g id=\"ec5a0e1c-5428-4b9d-a5e5-e88cfab1314c\" data-name=\"Group-14\"><g id=\"bbdb9cc5-333a-42d8-a01d-00241f0ac5b5\" data-name=\"checked\"><path id=\"b7a04dda-4f32-4d1e-b028-755732165484\" data-name=\"Path\" d=\"M32.6244,1.0123A1.2067,1.2067,0,0,0,30.9076,1.01L15.3627,18.009l-3.9646-4.0539a1.2074,1.2074,0,0,0-1.7156-.0715,1.2318,1.2318,0,0,0-.0708,1.73l4.82,4.991A1.2083,1.2083,0,0,0,15.3,21l.026,0a1.2107,1.2107,0,0,0,.8572-.3571L32.6221,2.7441A1.2317,1.2317,0,0,0,32.6244,1.0123Z\"><\/path><path id=\"f50529a8-5597-4376-bdaf-5cbaa66b1afb\" data-name=\"Path\" d=\"M30.7939,14.7939A1.206,1.206,0,0,0,29.5879,16,13.5879,13.5879,0,1,1,16,2.4121,1.2061,1.2061,0,1,0,16,0,16,16,0,1,0,32,16,1.206,1.206,0,0,0,30.7939,14.7939Z\"><\/path><\/g><\/g><\/g><\/g><\/g><\/svg>\t\t\t\t\t\t<\/span>\n\t\t\t\t\t\t\t\t\t\t<span class=\"elementor-icon-list-text\">Repr\u00e9sentant fiscal pour les entreprises \u00e9trang\u00e8res<\/span>\n\t\t\t\t\t\t\t\t\t<\/li>\n\t\t\t\t\t\t<\/ul>\n\t\t\t\t\t\t<\/div>\n\t\t\t\t<\/div>\n\t\t\t\t<div class=\"elementor-element elementor-element-c4c6749 elementor-widget elementor-widget-text-editor\" data-id=\"c4c6749\" data-element_type=\"widget\" data-e-type=\"widget\" data-widget_type=\"text-editor.default\">\n\t\t\t\t<div class=\"elementor-widget-container\">\n\t\t\t\t\t\t\t\t\t<div><p>Une fois les diff\u00e9rents formulaires remplis et envoy\u00e9s, il est possible que l\u2019AFC vous contacte avant de vous assujettir \u00e0 la TVA.<\/p><p>Vous allez ensuite recevoir directement chez vous la confirmation de votre inscription et votre premier code de d\u00e9compte TVA.<\/p><\/div>\t\t\t\t\t\t\t\t<\/div>\n\t\t\t\t<\/div>\n\t\t\t\t<div class=\"elementor-element elementor-element-d423290 elementor-widget elementor-widget-heading\" data-id=\"d423290\" data-element_type=\"widget\" data-e-type=\"widget\" data-widget_type=\"heading.default\">\n\t\t\t\t<div class=\"elementor-widget-container\">\n\t\t\t\t\t<h3 class=\"elementor-heading-title elementor-size-default\">O\u00f9 trouver le num\u00e9ro TVA d\u2019une autre entreprise\u00a0?<\/h3>\t\t\t\t<\/div>\n\t\t\t\t<\/div>\n\t\t\t\t<div class=\"elementor-element elementor-element-d46703e elementor-widget elementor-widget-text-editor\" data-id=\"d46703e\" data-element_type=\"widget\" data-e-type=\"widget\" data-widget_type=\"text-editor.default\">\n\t\t\t\t<div class=\"elementor-widget-container\">\n\t\t\t\t\t\t\t\t\t<p>Vous cherchez le num\u00e9ro TVA d\u2019une entreprise afin de savoir si celle-ci est assujettie ou non \u00e0 la TVA ? Vous pouvez vous rendre sur le site officiel de la Conf\u00e9d\u00e9ration, dans le <strong><a href=\"https:\/\/www.uid.admin.ch\/Search.aspx?lang=fr\" target=\"_blank\" rel=\"noopener\">registre IDE<\/a><\/strong>.<\/p><p>Il suffit de taper le nom de l\u2019entreprise sur la barre de recherche, cliquer sur le nom l\u2019entreprise, vous rendre en bas de page sur \u00ab\u00a0donn\u00e9es TVA\u00a0\u00bb et voir si l\u2019entreprise dispose d\u2019une Num\u00e9ro TVA.<\/p><p>Le num\u00e9ro TVA est le num\u00e9ro CHE de l\u2019entreprise avec TVA \u00e0 la fin.<\/p><p><strong>Exemple\u00a0:<\/strong> CHE-000.000.000 <strong>TVA<\/strong><\/p>\t\t\t\t\t\t\t\t<\/div>\n\t\t\t\t<\/div>\n\t\t\t\t<div class=\"elementor-element elementor-element-3d20588 elementor-widget elementor-widget-menu-anchor\" data-id=\"3d20588\" data-element_type=\"widget\" data-e-type=\"widget\" data-widget_type=\"menu-anchor.default\">\n\t\t\t\t<div class=\"elementor-widget-container\">\n\t\t\t\t\t\t\t<div class=\"elementor-menu-anchor\" id=\"decompte-tva\"><\/div>\n\t\t\t\t\t\t<\/div>\n\t\t\t\t<\/div>\n\t\t\t\t<div class=\"elementor-element elementor-element-4620881 elementor-widget elementor-widget-heading\" data-id=\"4620881\" data-element_type=\"widget\" data-e-type=\"widget\" data-widget_type=\"heading.default\">\n\t\t\t\t<div class=\"elementor-widget-container\">\n\t\t\t\t\t<h2 class=\"elementor-heading-title elementor-size-default\">Remplir un d\u00e9compte TVA<\/h2>\t\t\t\t<\/div>\n\t\t\t\t<\/div>\n\t\t\t\t<div class=\"elementor-element elementor-element-9865485 elementor-widget elementor-widget-text-editor\" data-id=\"9865485\" data-element_type=\"widget\" data-e-type=\"widget\" data-widget_type=\"text-editor.default\">\n\t\t\t\t<div class=\"elementor-widget-container\">\n\t\t\t\t\t\t\t\t\t<p>En tant qu\u2019assujetti \u00e0 la TVA vous \u00eates tenu de rendre chaque trimestre ou semestre un <strong><a href=\"https:\/\/fidulex.ch\/comment-etablir-un-decompte-tva\/\" target=\"_blank\" rel=\"noopener\">d\u00e9compte<\/a><\/strong> d\u00e9taill\u00e9 des prestations fournies. Pour cela vous avez le choix entre deux m\u00e9thodes.<\/p><p>En r\u00e8gle g\u00e9n\u00e9rale le d\u00e9compte est \u00e9tabli selon la m\u00e9thode <strong>effective<\/strong>.<\/p><p>Le d\u00e9p\u00f4t du d\u00e9compte TVA Suisse se d\u00e9pose directement en ligne.<\/p>\t\t\t\t\t\t\t\t<\/div>\n\t\t\t\t<\/div>\n\t\t\t\t<div class=\"elementor-element elementor-element-1e4f40a elementor-widget elementor-widget-heading\" data-id=\"1e4f40a\" data-element_type=\"widget\" data-e-type=\"widget\" data-widget_type=\"heading.default\">\n\t\t\t\t<div class=\"elementor-widget-container\">\n\t\t\t\t\t<h3 class=\"elementor-heading-title elementor-size-default\">M\u00e9thode effective<\/h3>\t\t\t\t<\/div>\n\t\t\t\t<\/div>\n\t\t\t\t<div class=\"elementor-element elementor-element-49e1277 elementor-widget elementor-widget-text-editor\" data-id=\"49e1277\" data-element_type=\"widget\" data-e-type=\"widget\" data-widget_type=\"text-editor.default\">\n\t\t\t\t<div class=\"elementor-widget-container\">\n\t\t\t\t\t\t\t\t\t<p>Cette m\u00e9thode vous permet de r\u00e9cup\u00e9rer la TVA pay\u00e9e sur vos charges et investissements de l\u2019imp\u00f4t que vous devez payer sur les prestations r\u00e9alis\u00e9es.<\/p><p>Ce d\u00e9compte doit \u00eatre effectu\u00e9e trimestriellement.<\/p>\t\t\t\t\t\t\t\t<\/div>\n\t\t\t\t<\/div>\n\t\t\t\t<div class=\"elementor-element elementor-element-8a1176c elementor-widget elementor-widget-heading\" data-id=\"8a1176c\" data-element_type=\"widget\" data-e-type=\"widget\" data-widget_type=\"heading.default\">\n\t\t\t\t<div class=\"elementor-widget-container\">\n\t\t\t\t\t<h4 class=\"elementor-heading-title elementor-size-default\">Exemple de calcul m\u00e9thode effective<\/h4>\t\t\t\t<\/div>\n\t\t\t\t<\/div>\n\t\t\t\t<div class=\"elementor-element elementor-element-7789357 elementor-icon-list--layout-traditional elementor-list-item-link-full_width elementor-widget elementor-widget-icon-list\" data-id=\"7789357\" data-element_type=\"widget\" data-e-type=\"widget\" data-widget_type=\"icon-list.default\">\n\t\t\t\t<div class=\"elementor-widget-container\">\n\t\t\t\t\t\t\t<ul class=\"elementor-icon-list-items\">\n\t\t\t\t\t\t\t<li class=\"elementor-icon-list-item\">\n\t\t\t\t\t\t\t\t\t\t<span class=\"elementor-icon-list-text\">10\u2019000 CHF (HT) de ventes imposables et 5'000 CHF (HT) d\u2019achats avec de la TVA d\u00e9ductible du 01.01.2024 au 31.03.2024<\/span>\n\t\t\t\t\t\t\t\t\t<\/li>\n\t\t\t\t\t\t\t\t<li class=\"elementor-icon-list-item\">\n\t\t\t\t\t\t\t\t\t\t\t<span class=\"elementor-icon-list-icon\">\n\t\t\t\t\t\t\t<i aria-hidden=\"true\" class=\"fas fa-arrow-right\"><\/i>\t\t\t\t\t\t<\/span>\n\t\t\t\t\t\t\t\t\t\t<span class=\"elementor-icon-list-text\">810 CHF de TVA due<\/span>\n\t\t\t\t\t\t\t\t\t<\/li>\n\t\t\t\t\t\t\t\t<li class=\"elementor-icon-list-item\">\n\t\t\t\t\t\t\t\t\t\t\t<span class=\"elementor-icon-list-icon\">\n\t\t\t\t\t\t\t<i aria-hidden=\"true\" class=\"fas fa-arrow-right\"><\/i>\t\t\t\t\t\t<\/span>\n\t\t\t\t\t\t\t\t\t\t<span class=\"elementor-icon-list-text\">405 CHF de TVA D\u00e9ductible<\/span>\n\t\t\t\t\t\t\t\t\t<\/li>\n\t\t\t\t\t\t\t\t<li class=\"elementor-icon-list-item\">\n\t\t\t\t\t\t\t\t\t\t\t<span class=\"elementor-icon-list-icon\">\n\t\t\t\t\t\t\t<i aria-hidden=\"true\" class=\"fas fa-arrow-right\"><\/i>\t\t\t\t\t\t<\/span>\n\t\t\t\t\t\t\t\t\t\t<span class=\"elementor-icon-list-text\">405 CHF en faveur de l\u2019Administration F\u00e9d\u00e9rale des Contributions<\/span>\n\t\t\t\t\t\t\t\t\t<\/li>\n\t\t\t\t\t\t<\/ul>\n\t\t\t\t\t\t<\/div>\n\t\t\t\t<\/div>\n\t\t\t\t<div class=\"elementor-element elementor-element-225614d elementor-widget elementor-widget-text-editor\" data-id=\"225614d\" data-element_type=\"widget\" data-e-type=\"widget\" data-widget_type=\"text-editor.default\">\n\t\t\t\t<div class=\"elementor-widget-container\">\n\t\t\t\t\t\t\t\t\t<p><strong>Remarques \u00a0:<\/strong><\/p><p>L\u2019imp\u00f4t sur les acquisitions n\u2019a pas d\u2019incidence avec la m\u00e9thode effective.<\/p><p>L\u2019imp\u00f4t sur les importations pay\u00e9 \u00e0 la douane est \u00e9galement r\u00e9cup\u00e9rable.<\/p>\t\t\t\t\t\t\t\t<\/div>\n\t\t\t\t<\/div>\n\t\t\t\t<div class=\"elementor-element elementor-element-b97336e elementor-widget elementor-widget-heading\" data-id=\"b97336e\" data-element_type=\"widget\" data-e-type=\"widget\" data-widget_type=\"heading.default\">\n\t\t\t\t<div class=\"elementor-widget-container\">\n\t\t\t\t\t<h3 class=\"elementor-heading-title elementor-size-default\">M\u00e9thode Taux dette fiscale nette<\/h3>\t\t\t\t<\/div>\n\t\t\t\t<\/div>\n\t\t\t\t<div class=\"elementor-element elementor-element-6871900 elementor-widget elementor-widget-heading\" data-id=\"6871900\" data-element_type=\"widget\" data-e-type=\"widget\" data-widget_type=\"heading.default\">\n\t\t\t\t<div class=\"elementor-widget-container\">\n\t\t\t\t\t<h4 class=\"elementor-heading-title elementor-size-default\">Exemple de calcul m\u00e9thode taux dette fiscale nette\n<\/h4>\t\t\t\t<\/div>\n\t\t\t\t<\/div>\n\t\t\t\t<div class=\"elementor-element elementor-element-3c32a5a elementor-widget elementor-widget-text-editor\" data-id=\"3c32a5a\" data-element_type=\"widget\" data-e-type=\"widget\" data-widget_type=\"text-editor.default\">\n\t\t\t\t<div class=\"elementor-widget-container\">\n\t\t\t\t\t\t\t\t\t<p>Cette m\u00e9thode ne vous permet pas de r\u00e9cup\u00e9rer la TVA. Mais elle est relativement simple \u00e0 appliquer. Il vous suffit de prendre votre chiffre d\u2019affaires et de le multiplier par le taux qui vous a \u00e9t\u00e9 assign\u00e9 par l\u2019AFC selon votre activit\u00e9. (<a href=\"https:\/\/www.fedlex.admin.ch\/eli\/cc\/2010\/874\/fr#lvl_d784e6\/lvl_d784e7\" target=\"_blank\" rel=\"noopener\">voir liste des taux<\/a>)<\/p><p>Ce d\u00e9compte doit \u00eatre effectu\u00e9e <strong>semestriellement<\/strong>.<\/p>\t\t\t\t\t\t\t\t<\/div>\n\t\t\t\t<\/div>\n\t\t\t\t<div class=\"elementor-element elementor-element-5c9b6e3 elementor-icon-list--layout-traditional elementor-list-item-link-full_width elementor-widget elementor-widget-icon-list\" data-id=\"5c9b6e3\" data-element_type=\"widget\" data-e-type=\"widget\" data-widget_type=\"icon-list.default\">\n\t\t\t\t<div class=\"elementor-widget-container\">\n\t\t\t\t\t\t\t<ul class=\"elementor-icon-list-items\">\n\t\t\t\t\t\t\t<li class=\"elementor-icon-list-item\">\n\t\t\t\t\t\t\t\t\t\t<span class=\"elementor-icon-list-text\">Entreprise de nettoyage, taux appliqu\u00e9\u00a0de 5.9 % | Chiffre d\u2019affaires\u00a0: 80'000 CHF (TTC) de ventes imposables du 01.01.2022 au 30.06.2022<\/span>\n\t\t\t\t\t\t\t\t\t<\/li>\n\t\t\t\t\t\t\t\t<li class=\"elementor-icon-list-item\">\n\t\t\t\t\t\t\t\t\t\t\t<span class=\"elementor-icon-list-icon\">\n\t\t\t\t\t\t\t<i aria-hidden=\"true\" class=\"fas fa-arrow-right\"><\/i>\t\t\t\t\t\t<\/span>\n\t\t\t\t\t\t\t\t\t\t<span class=\"elementor-icon-list-text\">80'000 CHF * 5.9% = 4'720 CHF de TVA due en faveur de\u00a0l\u2019AFC<\/span>\n\t\t\t\t\t\t\t\t\t<\/li>\n\t\t\t\t\t\t<\/ul>\n\t\t\t\t\t\t<\/div>\n\t\t\t\t<\/div>\n\t\t\t\t<div class=\"elementor-element elementor-element-fe51e8a elementor-widget elementor-widget-text-editor\" data-id=\"fe51e8a\" data-element_type=\"widget\" data-e-type=\"widget\" data-widget_type=\"text-editor.default\">\n\t\t\t\t<div class=\"elementor-widget-container\">\n\t\t\t\t\t\t\t\t\t<p>Pour b\u00e9n\u00e9ficier de cette m\u00e9thode deux conditions s\u2019appliquent\u00a0:<\/p><p>(1) Le chiffre d\u2019affaire annuel ne d\u00e9passe pas <strong>5&rsquo;005&rsquo;000 CHF<\/strong>.<\/p><p>(2) Le montant de TVA calcul\u00e9 avec le taux dette fiscale nette ne d\u00e9passe pas 103&rsquo;000 CHF.<\/p><p><strong>Remarques :<\/strong><\/p><p>Vous pouvez au maximum utiliser 2 taux. Par exemple pour un restaurant qui vend des prestations \u00e0 l\u2019emporter et des prestations sur place ou un garage qui fait de la m\u00e9canique et de la carrosserie.<\/p><p>L\u2019imp\u00f4t sur les acquisition est d\u00fb au taux normal, si vous faites appel \u00e0 des prestations de services de l\u2019\u00e9tranger vous devrez payer l\u2019imp\u00f4t sur cette prestation.<\/p><p>L\u2019imp\u00f4t sur les importations n\u2019est pas r\u00e9cup\u00e9rable non plus.<\/p>\t\t\t\t\t\t\t\t<\/div>\n\t\t\t\t<\/div>\n\t\t\t\t<div class=\"elementor-element elementor-element-0966a3d elementor-widget elementor-widget-heading\" data-id=\"0966a3d\" data-element_type=\"widget\" data-e-type=\"widget\" data-widget_type=\"heading.default\">\n\t\t\t\t<div class=\"elementor-widget-container\">\n\t\t\t\t\t<h3 class=\"elementor-heading-title elementor-size-default\">Paiement TVA\u00a0et d\u00e9lais <\/h3>\t\t\t\t<\/div>\n\t\t\t\t<\/div>\n\t\t\t\t<div class=\"elementor-element elementor-element-b3fb495 elementor-widget elementor-widget-text-editor\" data-id=\"b3fb495\" data-element_type=\"widget\" data-e-type=\"widget\" data-widget_type=\"text-editor.default\">\n\t\t\t\t<div class=\"elementor-widget-container\">\n\t\t\t\t\t\t\t\t\t<p>Vous avez <strong>60 jours<\/strong> apr\u00e8s la date de p\u00e9riode du d\u00e9compte pour d\u00e9poser votre d\u00e9compte TVA et payer la TVA due \u00e0 l\u2019aide de la QR-facture situ\u00e9e en deuxi\u00e8me page de la feuille r\u00e9capitulative.<\/p><p>Le d\u00e9lai d\u00e9pass\u00e9, un <strong>int\u00e9r\u00eat moratoire<\/strong> est d\u00fb sur le montant de la TVA due.<\/p><p>Une <strong>demande de d\u00e9lai <\/strong>pour le d\u00e9p\u00f4t du d\u00e9compte est possible. Celui-ci vous \u00e9vite une demande d\u2019acompte provisoire et d\u2019\u00e9ventuelles sommations mais pas la comptabilisation des int\u00e9r\u00eats moratoires.<\/p><p>Ce principe s\u2019applique \u00e9galement \u00e0 l\u2019AFC qui est tenue de vous rembourser dans les <strong>60 jours<\/strong> apr\u00e8s le d\u00e9p\u00f4t de votre d\u00e9compte TVA faut de quoi elle vous doit des int\u00e9r\u00eats moratoires \u00e0 partir du 61\u00e8me jour.<\/p>\t\t\t\t\t\t\t\t<\/div>\n\t\t\t\t<\/div>\n\t\t\t\t<div class=\"elementor-element elementor-element-a7da52c elementor-widget elementor-widget-heading\" data-id=\"a7da52c\" data-element_type=\"widget\" data-e-type=\"widget\" data-widget_type=\"heading.default\">\n\t\t\t\t<div class=\"elementor-widget-container\">\n\t\t\t\t\t<h2 class=\"elementor-heading-title elementor-size-default\">Avantages de s\u2019inscrire \u00e0 la TVA<\/h2>\t\t\t\t<\/div>\n\t\t\t\t<\/div>\n\t\t\t\t<div class=\"elementor-element elementor-element-a46b7fb elementor-icon-list--layout-traditional elementor-list-item-link-full_width elementor-widget elementor-widget-icon-list\" data-id=\"a46b7fb\" data-element_type=\"widget\" data-e-type=\"widget\" data-widget_type=\"icon-list.default\">\n\t\t\t\t<div class=\"elementor-widget-container\">\n\t\t\t\t\t\t\t<ul class=\"elementor-icon-list-items\">\n\t\t\t\t\t\t\t<li class=\"elementor-icon-list-item\">\n\t\t\t\t\t\t\t\t\t\t\t<span class=\"elementor-icon-list-icon\">\n\t\t\t\t\t\t\t<svg xmlns=\"http:\/\/www.w3.org\/2000\/svg\" id=\"ba70b1c4-5bae-4555-bc07-a843f0555fc7\" data-name=\"Layer 1\" viewBox=\"0 0 32.979 32\"><g id=\"b56c1629-3605-49a6-a5a2-6e0ad1366455\" data-name=\"Page-1\"><g id=\"b672b96b-826c-4d33-a4d3-1399b300653f\" data-name=\"Homepage\"><g id=\"ba7d1b89-bd75-4e14-908f-0f1da3ccafb5\" data-name=\"Section-2\"><g id=\"ec5a0e1c-5428-4b9d-a5e5-e88cfab1314c\" data-name=\"Group-14\"><g id=\"bbdb9cc5-333a-42d8-a01d-00241f0ac5b5\" data-name=\"checked\"><path id=\"b7a04dda-4f32-4d1e-b028-755732165484\" data-name=\"Path\" d=\"M32.6244,1.0123A1.2067,1.2067,0,0,0,30.9076,1.01L15.3627,18.009l-3.9646-4.0539a1.2074,1.2074,0,0,0-1.7156-.0715,1.2318,1.2318,0,0,0-.0708,1.73l4.82,4.991A1.2083,1.2083,0,0,0,15.3,21l.026,0a1.2107,1.2107,0,0,0,.8572-.3571L32.6221,2.7441A1.2317,1.2317,0,0,0,32.6244,1.0123Z\"><\/path><path id=\"f50529a8-5597-4376-bdaf-5cbaa66b1afb\" data-name=\"Path\" d=\"M30.7939,14.7939A1.206,1.206,0,0,0,29.5879,16,13.5879,13.5879,0,1,1,16,2.4121,1.2061,1.2061,0,1,0,16,0,16,16,0,1,0,32,16,1.206,1.206,0,0,0,30.7939,14.7939Z\"><\/path><\/g><\/g><\/g><\/g><\/g><\/svg>\t\t\t\t\t\t<\/span>\n\t\t\t\t\t\t\t\t\t\t<span class=\"elementor-icon-list-text\">R\u00e9cup\u00e9ration de la TVA sur vos investissements et d\u00e9penses<\/span>\n\t\t\t\t\t\t\t\t\t<\/li>\n\t\t\t\t\t\t\t\t<li class=\"elementor-icon-list-item\">\n\t\t\t\t\t\t\t\t\t\t\t<span class=\"elementor-icon-list-icon\">\n\t\t\t\t\t\t\t<svg xmlns=\"http:\/\/www.w3.org\/2000\/svg\" id=\"ba70b1c4-5bae-4555-bc07-a843f0555fc7\" data-name=\"Layer 1\" viewBox=\"0 0 32.979 32\"><g id=\"b56c1629-3605-49a6-a5a2-6e0ad1366455\" data-name=\"Page-1\"><g id=\"b672b96b-826c-4d33-a4d3-1399b300653f\" data-name=\"Homepage\"><g id=\"ba7d1b89-bd75-4e14-908f-0f1da3ccafb5\" data-name=\"Section-2\"><g id=\"ec5a0e1c-5428-4b9d-a5e5-e88cfab1314c\" data-name=\"Group-14\"><g id=\"bbdb9cc5-333a-42d8-a01d-00241f0ac5b5\" data-name=\"checked\"><path id=\"b7a04dda-4f32-4d1e-b028-755732165484\" data-name=\"Path\" d=\"M32.6244,1.0123A1.2067,1.2067,0,0,0,30.9076,1.01L15.3627,18.009l-3.9646-4.0539a1.2074,1.2074,0,0,0-1.7156-.0715,1.2318,1.2318,0,0,0-.0708,1.73l4.82,4.991A1.2083,1.2083,0,0,0,15.3,21l.026,0a1.2107,1.2107,0,0,0,.8572-.3571L32.6221,2.7441A1.2317,1.2317,0,0,0,32.6244,1.0123Z\"><\/path><path id=\"f50529a8-5597-4376-bdaf-5cbaa66b1afb\" data-name=\"Path\" d=\"M30.7939,14.7939A1.206,1.206,0,0,0,29.5879,16,13.5879,13.5879,0,1,1,16,2.4121,1.2061,1.2061,0,1,0,16,0,16,16,0,1,0,32,16,1.206,1.206,0,0,0,30.7939,14.7939Z\"><\/path><\/g><\/g><\/g><\/g><\/g><\/svg>\t\t\t\t\t\t<\/span>\n\t\t\t\t\t\t\t\t\t\t<span class=\"elementor-icon-list-text\">Gagner en cr\u00e9dibilit\u00e9 face aux clients professionnels<\/span>\n\t\t\t\t\t\t\t\t\t<\/li>\n\t\t\t\t\t\t<\/ul>\n\t\t\t\t\t\t<\/div>\n\t\t\t\t<\/div>\n\t\t\t\t<div class=\"elementor-element elementor-element-e324d5d elementor-widget elementor-widget-heading\" data-id=\"e324d5d\" data-element_type=\"widget\" data-e-type=\"widget\" data-widget_type=\"heading.default\">\n\t\t\t\t<div class=\"elementor-widget-container\">\n\t\t\t\t\t<h2 class=\"elementor-heading-title elementor-size-default\">Inconv\u00e9nients de s\u2019inscrire \u00e0 la TVA<\/h2>\t\t\t\t<\/div>\n\t\t\t\t<\/div>\n\t\t\t\t<div class=\"elementor-element elementor-element-5260ec0 elementor-icon-list--layout-traditional elementor-list-item-link-full_width elementor-widget elementor-widget-icon-list\" data-id=\"5260ec0\" data-element_type=\"widget\" data-e-type=\"widget\" data-widget_type=\"icon-list.default\">\n\t\t\t\t<div class=\"elementor-widget-container\">\n\t\t\t\t\t\t\t<ul class=\"elementor-icon-list-items\">\n\t\t\t\t\t\t\t<li class=\"elementor-icon-list-item\">\n\t\t\t\t\t\t\t\t\t\t\t<span class=\"elementor-icon-list-icon\">\n\t\t\t\t\t\t\t<svg xmlns=\"http:\/\/www.w3.org\/2000\/svg\" id=\"ba82b16a-8560-4ca1-97b9-ac41bb56bdea\" data-name=\"Layer 1\" viewBox=\"0 0 16.9987 16.9983\"><defs><style>.b246dd63-e0cb-4127-bd6e-d273cd4a8c0b{fill:#191919;}<\/style><\/defs><path d=\"M9.5724,8.4983l7.2051-7.2046A.758.758,0,0,0,15.7053.2219L8.5007,7.4265,1.2892.2151A.7579.7579,0,0,0,.2243,1.2937L7.4289,8.4983.23,15.6975a.76.76,0,0,0-.0181,1.0713.75.75,0,0,0,.5405.23.7814.7814,0,0,0,.5435-.2236L8.5007,9.5706,15.71,16.78a.7691.7691,0,0,0,.5411.2149.7583.7583,0,0,0,.5263-1.291Z\"><\/path><path class=\"b246dd63-e0cb-4127-bd6e-d273cd4a8c0b\" d=\"M.9367,16.4055.9313,16.41Z\"><\/path><\/svg>\t\t\t\t\t\t<\/span>\n\t\t\t\t\t\t\t\t\t\t<span class=\"elementor-icon-list-text\">Augmentation des tarifs (du moins pour les priv\u00e9s qui ne la r\u00e9cup\u00e8reront pas)<\/span>\n\t\t\t\t\t\t\t\t\t<\/li>\n\t\t\t\t\t\t\t\t<li class=\"elementor-icon-list-item\">\n\t\t\t\t\t\t\t\t\t\t\t<span class=\"elementor-icon-list-icon\">\n\t\t\t\t\t\t\t<svg xmlns=\"http:\/\/www.w3.org\/2000\/svg\" id=\"ba82b16a-8560-4ca1-97b9-ac41bb56bdea\" data-name=\"Layer 1\" viewBox=\"0 0 16.9987 16.9983\"><defs><style>.b246dd63-e0cb-4127-bd6e-d273cd4a8c0b{fill:#191919;}<\/style><\/defs><path d=\"M9.5724,8.4983l7.2051-7.2046A.758.758,0,0,0,15.7053.2219L8.5007,7.4265,1.2892.2151A.7579.7579,0,0,0,.2243,1.2937L7.4289,8.4983.23,15.6975a.76.76,0,0,0-.0181,1.0713.75.75,0,0,0,.5405.23.7814.7814,0,0,0,.5435-.2236L8.5007,9.5706,15.71,16.78a.7691.7691,0,0,0,.5411.2149.7583.7583,0,0,0,.5263-1.291Z\"><\/path><path class=\"b246dd63-e0cb-4127-bd6e-d273cd4a8c0b\" d=\"M.9367,16.4055.9313,16.41Z\"><\/path><\/svg>\t\t\t\t\t\t<\/span>\n\t\t\t\t\t\t\t\t\t\t<span class=\"elementor-icon-list-text\">Charge administrative plus importante<\/span>\n\t\t\t\t\t\t\t\t\t<\/li>\n\t\t\t\t\t\t\t\t<li class=\"elementor-icon-list-item\">\n\t\t\t\t\t\t\t\t\t\t\t<span class=\"elementor-icon-list-icon\">\n\t\t\t\t\t\t\t<svg xmlns=\"http:\/\/www.w3.org\/2000\/svg\" id=\"ba82b16a-8560-4ca1-97b9-ac41bb56bdea\" data-name=\"Layer 1\" viewBox=\"0 0 16.9987 16.9983\"><defs><style>.b246dd63-e0cb-4127-bd6e-d273cd4a8c0b{fill:#191919;}<\/style><\/defs><path d=\"M9.5724,8.4983l7.2051-7.2046A.758.758,0,0,0,15.7053.2219L8.5007,7.4265,1.2892.2151A.7579.7579,0,0,0,.2243,1.2937L7.4289,8.4983.23,15.6975a.76.76,0,0,0-.0181,1.0713.75.75,0,0,0,.5405.23.7814.7814,0,0,0,.5435-.2236L8.5007,9.5706,15.71,16.78a.7691.7691,0,0,0,.5411.2149.7583.7583,0,0,0,.5263-1.291Z\"><\/path><path class=\"b246dd63-e0cb-4127-bd6e-d273cd4a8c0b\" d=\"M.9367,16.4055.9313,16.41Z\"><\/path><\/svg>\t\t\t\t\t\t<\/span>\n\t\t\t\t\t\t\t\t\t\t<span class=\"elementor-icon-list-text\">Probl\u00e9matiques TVA (exon\u00e9r\u00e9 ou pas ; fin d\u2019assujettissement ; CORDIP ; REDIP ; PASM)<\/span>\n\t\t\t\t\t\t\t\t\t<\/li>\n\t\t\t\t\t\t<\/ul>\n\t\t\t\t\t\t<\/div>\n\t\t\t\t<\/div>\n\t\t\t\t<div class=\"elementor-element elementor-element-33db360 elementor-widget elementor-widget-heading\" data-id=\"33db360\" data-element_type=\"widget\" data-e-type=\"widget\" data-widget_type=\"heading.default\">\n\t\t\t\t<div class=\"elementor-widget-container\">\n\t\t\t\t\t<h2 class=\"elementor-heading-title elementor-size-default\">Imp\u00f4t sur les acquisitions :  qu'est-ce que c'est ?<\/h2>\t\t\t\t<\/div>\n\t\t\t\t<\/div>\n\t\t\t\t<div class=\"elementor-element elementor-element-bc9a281 elementor-widget elementor-widget-text-editor\" data-id=\"bc9a281\" data-element_type=\"widget\" data-e-type=\"widget\" data-widget_type=\"text-editor.default\">\n\t\t\t\t<div class=\"elementor-widget-container\">\n\t\t\t\t\t\t\t\t\t<p>L\u2019imp\u00f4t sur les acquisitions met les entreprises Suisses et \u00e9trang\u00e8res sur un pied d\u2019\u00e9galit\u00e9.<\/p>\t\t\t\t\t\t\t\t<\/div>\n\t\t\t\t<\/div>\n\t\t\t\t<div class=\"elementor-element elementor-element-1a967fe elementor-widget elementor-widget-heading\" data-id=\"1a967fe\" data-element_type=\"widget\" data-e-type=\"widget\" data-widget_type=\"heading.default\">\n\t\t\t\t<div class=\"elementor-widget-container\">\n\t\t\t\t\t<h3 class=\"elementor-heading-title elementor-size-default\">M\u00e9thode de d\u00e9compte effective<\/h3>\t\t\t\t<\/div>\n\t\t\t\t<\/div>\n\t\t\t\t<div class=\"elementor-element elementor-element-bad80ed elementor-widget elementor-widget-text-editor\" data-id=\"bad80ed\" data-element_type=\"widget\" data-e-type=\"widget\" data-widget_type=\"text-editor.default\">\n\t\t\t\t<div class=\"elementor-widget-container\">\n\t\t\t\t\t\t\t\t\t<p>L\u2019imp\u00f4t sur les acquisitions doit \u00eatre d\u00e9clar\u00e9 sous le chiffre 381 du relev\u00e9 de TVA comme de l\u2019imp\u00f4t d\u00fb et l\u2019imp\u00f4t pr\u00e9alable peut \u00eatre r\u00e9cup\u00e9r\u00e9. L\u2019op\u00e9ration est donc sans incidence.<\/p>\t\t\t\t\t\t\t\t<\/div>\n\t\t\t\t<\/div>\n\t\t\t\t<div class=\"elementor-element elementor-element-f49ae47 elementor-widget elementor-widget-heading\" data-id=\"f49ae47\" data-element_type=\"widget\" data-e-type=\"widget\" data-widget_type=\"heading.default\">\n\t\t\t\t<div class=\"elementor-widget-container\">\n\t\t\t\t\t<h3 class=\"elementor-heading-title elementor-size-default\">M\u00e9thode du d\u00e9compte des taux de la dette fiscale nette<\/h3>\t\t\t\t<\/div>\n\t\t\t\t<\/div>\n\t\t\t\t<div class=\"elementor-element elementor-element-c7d088b elementor-widget elementor-widget-text-editor\" data-id=\"c7d088b\" data-element_type=\"widget\" data-e-type=\"widget\" data-widget_type=\"text-editor.default\">\n\t\t\t\t<div class=\"elementor-widget-container\">\n\t\t\t\t\t\t\t\t\t<p>L\u2019imp\u00f4t sur les acquisitions doit \u00eatre d\u00e9clar\u00e9 sous le chiffre 381 du relev\u00e9 de TVA comme de l\u2019imp\u00f4t d\u00fb et l\u2019imp\u00f4t pr\u00e9alable ne peut pas \u00eatre r\u00e9cup\u00e9r\u00e9. L\u2019op\u00e9ration abouti par l\u2019obligation du paiement de la TVA au taux que l\u2019on appliquerait \u00e0 la m\u00eame prestation en Suisse.<\/p>\t\t\t\t\t\t\t\t<\/div>\n\t\t\t\t<\/div>\n\t\t\t\t<div class=\"elementor-element elementor-element-c454f20 elementor-widget elementor-widget-heading\" data-id=\"c454f20\" data-element_type=\"widget\" data-e-type=\"widget\" data-widget_type=\"heading.default\">\n\t\t\t\t<div class=\"elementor-widget-container\">\n\t\t\t\t\t<h3 class=\"elementor-heading-title elementor-size-default\">Entreprises non soumises \u00e0 la TVA<\/h3>\t\t\t\t<\/div>\n\t\t\t\t<\/div>\n\t\t\t\t<div class=\"elementor-element elementor-element-a75d2ac elementor-widget elementor-widget-text-editor\" data-id=\"a75d2ac\" data-element_type=\"widget\" data-e-type=\"widget\" data-widget_type=\"text-editor.default\">\n\t\t\t\t<div class=\"elementor-widget-container\">\n\t\t\t\t\t\t\t\t\t<p>L\u2019imp\u00f4t sur les acquisitions est effet d\u00fb si vous d\u00e9passez la franchise annuelle de 10&rsquo;000 CHF pour des prestations provenant de l\u2019\u00e9tranger. Une fois la barre d\u00e9pass\u00e9e, le contribuable doit d\u00e9clarer dans les 60 jours apr\u00e8s la fin de l\u2019ann\u00e9e civile aupr\u00e8s de l\u2019AFC.<\/p>\t\t\t\t\t\t\t\t<\/div>\n\t\t\t\t<\/div>\n\t\t\t\t<div class=\"elementor-element elementor-element-43dc028 elementor-widget elementor-widget-heading\" data-id=\"43dc028\" data-element_type=\"widget\" data-e-type=\"widget\" data-widget_type=\"heading.default\">\n\t\t\t\t<div class=\"elementor-widget-container\">\n\t\t\t\t\t<h3 class=\"elementor-heading-title elementor-size-default\">Prestations soumises \u00e0 l'imp\u00f4t sur les acquisitions<\/h3>\t\t\t\t<\/div>\n\t\t\t\t<\/div>\n\t\t\t\t<div class=\"elementor-element elementor-element-da5c51d elementor-icon-list--layout-traditional elementor-list-item-link-full_width elementor-widget elementor-widget-icon-list\" data-id=\"da5c51d\" data-element_type=\"widget\" data-e-type=\"widget\" data-widget_type=\"icon-list.default\">\n\t\t\t\t<div class=\"elementor-widget-container\">\n\t\t\t\t\t\t\t<ul class=\"elementor-icon-list-items\">\n\t\t\t\t\t\t\t<li class=\"elementor-icon-list-item\">\n\t\t\t\t\t\t\t\t\t\t\t<span class=\"elementor-icon-list-icon\">\n\t\t\t\t\t\t\t<i aria-hidden=\"true\" class=\"fas fa-arrow-right\"><\/i>\t\t\t\t\t\t<\/span>\n\t\t\t\t\t\t\t\t\t\t<span class=\"elementor-icon-list-text\">Prestations de conseils provenant de l\u2019\u00e9tranger (Ex\u00a0: Conseils juridiques, fiscaux, etc.)<\/span>\n\t\t\t\t\t\t\t\t\t<\/li>\n\t\t\t\t\t\t\t\t<li class=\"elementor-icon-list-item\">\n\t\t\t\t\t\t\t\t\t\t\t<span class=\"elementor-icon-list-icon\">\n\t\t\t\t\t\t\t<i aria-hidden=\"true\" class=\"fas fa-arrow-right\"><\/i>\t\t\t\t\t\t<\/span>\n\t\t\t\t\t\t\t\t\t\t<span class=\"elementor-icon-list-text\">Prestations de services provenant de l\u2019\u00e9tranger (Ex\u00a0: Cr\u00e9ations visuelles, site internet, etc.)<\/span>\n\t\t\t\t\t\t\t\t\t<\/li>\n\t\t\t\t\t\t\t\t<li class=\"elementor-icon-list-item\">\n\t\t\t\t\t\t\t\t\t\t\t<span class=\"elementor-icon-list-icon\">\n\t\t\t\t\t\t\t<i aria-hidden=\"true\" class=\"fas fa-arrow-right\"><\/i>\t\t\t\t\t\t<\/span>\n\t\t\t\t\t\t\t\t\t\t<span class=\"elementor-icon-list-text\">Prestations publicitaires provenant de l\u2019\u00e9tranger (Ex\u00a0: Google,\u00a0Facebook,\u00a0etc.)<\/span>\n\t\t\t\t\t\t\t\t\t<\/li>\n\t\t\t\t\t\t<\/ul>\n\t\t\t\t\t\t<\/div>\n\t\t\t\t<\/div>\n\t\t\t\t<div class=\"elementor-element elementor-element-0e21601 elementor-widget elementor-widget-text-editor\" data-id=\"0e21601\" data-element_type=\"widget\" data-e-type=\"widget\" data-widget_type=\"text-editor.default\">\n\t\t\t\t<div class=\"elementor-widget-container\">\n\t\t\t\t\t\t\t\t\t<p>Ne sont en revanche pas soumises \u00e0 l\u2019imp\u00f4t sur les acquisitions les prestations exclues du champ de l\u2019imp\u00f4t en vertu de l\u2019Art. 21 LTVA ou exon\u00e9r\u00e9es de l\u2019imp\u00f4t en vertu de l\u2019Art. 23 LTVA.<\/p>\t\t\t\t\t\t\t\t<\/div>\n\t\t\t\t<\/div>\n\t\t\t\t<div class=\"elementor-element elementor-element-1451396 elementor-widget elementor-widget-heading\" data-id=\"1451396\" data-element_type=\"widget\" data-e-type=\"widget\" data-widget_type=\"heading.default\">\n\t\t\t\t<div class=\"elementor-widget-container\">\n\t\t\t\t\t<h2 class=\"elementor-heading-title elementor-size-default\">Imp\u00f4t sur les importations : comment \u00e7a marche ?<\/h2>\t\t\t\t<\/div>\n\t\t\t\t<\/div>\n\t\t\t\t<div class=\"elementor-element elementor-element-c29236c elementor-widget elementor-widget-text-editor\" data-id=\"c29236c\" data-element_type=\"widget\" data-e-type=\"widget\" data-widget_type=\"text-editor.default\">\n\t\t\t\t<div class=\"elementor-widget-container\">\n\t\t\t\t\t\t\t\t\t<p>Lors de toute importation de bien en suisse par une entreprise Suisse, l\u2019importateur doit s\u2019acquitter de la TVA.<\/p>\t\t\t\t\t\t\t\t<\/div>\n\t\t\t\t<\/div>\n\t\t\t\t<div class=\"elementor-element elementor-element-32933fd elementor-widget elementor-widget-heading\" data-id=\"32933fd\" data-element_type=\"widget\" data-e-type=\"widget\" data-widget_type=\"heading.default\">\n\t\t\t\t<div class=\"elementor-widget-container\">\n\t\t\t\t\t<h3 class=\"elementor-heading-title elementor-size-default\">R\u00f4le de l'Administration F\u00e9d\u00e9rale des Douanes (AFD)<\/h3>\t\t\t\t<\/div>\n\t\t\t\t<\/div>\n\t\t\t\t<div class=\"elementor-element elementor-element-9844ba8 elementor-widget elementor-widget-text-editor\" data-id=\"9844ba8\" data-element_type=\"widget\" data-e-type=\"widget\" data-widget_type=\"text-editor.default\">\n\t\t\t\t<div class=\"elementor-widget-container\">\n\t\t\t\t\t\t\t\t\t<p>La TVA sur les importations est pr\u00e9lev\u00e9e par l\u2019Administration F\u00e9d\u00e9rale des Douanes (AFD). Cette mesure vise principalement \u00e0 ne pas d\u00e9savantager les entreprises suisses qui font leurs achats en Suisse et qui paient donc la TVA, par rapport \u00e0 celles qui importent des biens provenant de l\u2019\u00e9tranger.<\/p>\t\t\t\t\t\t\t\t<\/div>\n\t\t\t\t<\/div>\n\t\t\t\t<div class=\"elementor-element elementor-element-8600eb0 elementor-widget elementor-widget-heading\" data-id=\"8600eb0\" data-element_type=\"widget\" data-e-type=\"widget\" data-widget_type=\"heading.default\">\n\t\t\t\t<div class=\"elementor-widget-container\">\n\t\t\t\t\t<h3 class=\"elementor-heading-title elementor-size-default\">Taux de TVA sur les importations<\/h3>\t\t\t\t<\/div>\n\t\t\t\t<\/div>\n\t\t\t\t<div class=\"elementor-element elementor-element-5e7d826 elementor-widget elementor-widget-text-editor\" data-id=\"5e7d826\" data-element_type=\"widget\" data-e-type=\"widget\" data-widget_type=\"text-editor.default\">\n\t\t\t\t<div class=\"elementor-widget-container\">\n\t\t\t\t\t\t\t\t\t<p>Le taux TVA appliqu\u00e9 lors de l\u2019importation est le m\u00eame que celui qu\u2019on appliquerait si ce bien \u00e9tait achet\u00e9 en Suisse. Il peut \u00eatre normal ou r\u00e9duit pour les produits alimentaires, m\u00e9dicaments, etc.<\/p>\t\t\t\t\t\t\t\t<\/div>\n\t\t\t\t<\/div>\n\t\t\t\t<div class=\"elementor-element elementor-element-b87ecf7 elementor-widget elementor-widget-heading\" data-id=\"b87ecf7\" data-element_type=\"widget\" data-e-type=\"widget\" data-widget_type=\"heading.default\">\n\t\t\t\t<div class=\"elementor-widget-container\">\n\t\t\t\t\t<h3 class=\"elementor-heading-title elementor-size-default\">Calcul de la TVA<\/h3>\t\t\t\t<\/div>\n\t\t\t\t<\/div>\n\t\t\t\t<div class=\"elementor-element elementor-element-78554b4 elementor-widget elementor-widget-text-editor\" data-id=\"78554b4\" data-element_type=\"widget\" data-e-type=\"widget\" data-widget_type=\"text-editor.default\">\n\t\t\t\t<div class=\"elementor-widget-container\">\n\t\t\t\t\t\t\t\t\t<p>Le calcul de la TVA se fait sur la base du prix de facturation par le fournisseur de la marchandise, \u00e0 cela s\u2019ajoutent les frais jusqu\u2019au lieu de destination en Suisse. La TVA \u00e9trang\u00e8re n\u2019est pas prise en consid\u00e9ration dans ce calcul pour autant qu\u2019elle soit clairement affich\u00e9e sur la facture ou dans le contrat de vente.<\/p><p>Un justificatif doit bien entendu \u00eatre remis \u00e0 l\u2019office des douanes lors de l\u2019importation (Ex : Facture, contrat de vente, etc.). De plus, l\u2019importation de certains biens est franche d\u2019imp\u00f4t, voir Art.53 LTVA.<\/p>\t\t\t\t\t\t\t\t<\/div>\n\t\t\t\t<\/div>\n\t\t\t\t<div class=\"elementor-element elementor-element-43d54d9 elementor-widget elementor-widget-heading\" data-id=\"43d54d9\" data-element_type=\"widget\" data-e-type=\"widget\" data-widget_type=\"heading.default\">\n\t\t\t\t<div class=\"elementor-widget-container\">\n\t\t\t\t\t<h3 class=\"elementor-heading-title elementor-size-default\">Pour la m\u00e9thode de d\u00e9compte effective<\/h3>\t\t\t\t<\/div>\n\t\t\t\t<\/div>\n\t\t\t\t<div class=\"elementor-element elementor-element-5d3d8f2 elementor-widget elementor-widget-text-editor\" data-id=\"5d3d8f2\" data-element_type=\"widget\" data-e-type=\"widget\" data-widget_type=\"text-editor.default\">\n\t\t\t\t<div class=\"elementor-widget-container\">\n\t\t\t\t\t\t\t\t\t<p>L\u2019imp\u00f4t sur les importations\u00a0peut \u00eatre r\u00e9cup\u00e9r\u00e9.<\/p><p><strong>Condition<\/strong>\u00a0: L\u2019importateur est en possession de la d\u00e9cision de taxation TVA de l\u2019Administration F\u00e9d\u00e9rale des Douanes, \u00e9tablie au nom et \u00e0 l\u2019adresse de l\u2019importateur.<\/p>\t\t\t\t\t\t\t\t<\/div>\n\t\t\t\t<\/div>\n\t\t\t\t<div class=\"elementor-element elementor-element-b6d5006 elementor-widget elementor-widget-heading\" data-id=\"b6d5006\" data-element_type=\"widget\" data-e-type=\"widget\" data-widget_type=\"heading.default\">\n\t\t\t\t<div class=\"elementor-widget-container\">\n\t\t\t\t\t<h3 class=\"elementor-heading-title elementor-size-default\">Pour la m\u00e9thode du d\u00e9compte des taux de la dette fiscale nette<\/h3>\t\t\t\t<\/div>\n\t\t\t\t<\/div>\n\t\t\t\t<div class=\"elementor-element elementor-element-6605f31 elementor-widget elementor-widget-text-editor\" data-id=\"6605f31\" data-element_type=\"widget\" data-e-type=\"widget\" data-widget_type=\"text-editor.default\">\n\t\t\t\t<div class=\"elementor-widget-container\">\n\t\t\t\t\t\t\t\t\t<p>L\u2019imp\u00f4t sur les importations ne peut pas \u00eatre r\u00e9cup\u00e9r\u00e9 pour l\u2019assujetti d\u00e9comptant la TVA selon le taux de la dette fiscale nette l\u2019imp\u00f4t sur les importations reste une charge.<\/p>\t\t\t\t\t\t\t\t<\/div>\n\t\t\t\t<\/div>\n\t\t\t\t<div class=\"elementor-element elementor-element-c2ea62a elementor-widget elementor-widget-heading\" data-id=\"c2ea62a\" data-element_type=\"widget\" data-e-type=\"widget\" data-widget_type=\"heading.default\">\n\t\t\t\t<div class=\"elementor-widget-container\">\n\t\t\t\t\t<h3 class=\"elementor-heading-title elementor-size-default\">Pour les entreprises non soumises \u00e0 la TVA<\/h3>\t\t\t\t<\/div>\n\t\t\t\t<\/div>\n\t\t\t\t<div class=\"elementor-element elementor-element-f5230d5 elementor-widget elementor-widget-text-editor\" data-id=\"f5230d5\" data-element_type=\"widget\" data-e-type=\"widget\" data-widget_type=\"text-editor.default\">\n\t\t\t\t<div class=\"elementor-widget-container\">\n\t\t\t\t\t\t\t\t\t<p>Pour les non-assujettis \u00e0 la TVA, l\u2019imp\u00f4t sur les importations reste une charge.<\/p>\t\t\t\t\t\t\t\t<\/div>\n\t\t\t\t<\/div>\n\t\t\t\t<div class=\"elementor-element elementor-element-c1f09c0 elementor-widget elementor-widget-heading\" data-id=\"c1f09c0\" data-element_type=\"widget\" data-e-type=\"widget\" data-widget_type=\"heading.default\">\n\t\t\t\t<div class=\"elementor-widget-container\">\n\t\t\t\t\t<h4 class=\"elementor-heading-title elementor-size-default\">Notre conseil fiscal\u00a0en mati\u00e8re de TVA<\/h4>\t\t\t\t<\/div>\n\t\t\t\t<\/div>\n\t\t\t\t<div class=\"elementor-element elementor-element-a086c75 elementor-widget elementor-widget-text-editor\" data-id=\"a086c75\" data-element_type=\"widget\" data-e-type=\"widget\" data-widget_type=\"text-editor.default\">\n\t\t\t\t<div class=\"elementor-widget-container\">\n\t\t\t\t\t\t\t\t\t<p>Il est important de faire les bons choix d\u00e8s le d\u00e9but de l\u2019activit\u00e9 entrepreneurial notamment en ce qui concerne\u00a0:<\/p>\t\t\t\t\t\t\t\t<\/div>\n\t\t\t\t<\/div>\n\t\t\t\t<div class=\"elementor-element elementor-element-5473f5c elementor-icon-list--layout-traditional elementor-list-item-link-full_width elementor-widget elementor-widget-icon-list\" data-id=\"5473f5c\" data-element_type=\"widget\" data-e-type=\"widget\" data-widget_type=\"icon-list.default\">\n\t\t\t\t<div class=\"elementor-widget-container\">\n\t\t\t\t\t\t\t<ul class=\"elementor-icon-list-items\">\n\t\t\t\t\t\t\t<li class=\"elementor-icon-list-item\">\n\t\t\t\t\t\t\t\t\t\t\t<span class=\"elementor-icon-list-icon\">\n\t\t\t\t\t\t\t<i aria-hidden=\"true\" class=\"fas fa-arrow-right\"><\/i>\t\t\t\t\t\t<\/span>\n\t\t\t\t\t\t\t\t\t\t<span class=\"elementor-icon-list-text\">L\u2019assujettissement<\/span>\n\t\t\t\t\t\t\t\t\t<\/li>\n\t\t\t\t\t\t\t\t<li class=\"elementor-icon-list-item\">\n\t\t\t\t\t\t\t\t\t\t\t<span class=\"elementor-icon-list-icon\">\n\t\t\t\t\t\t\t<i aria-hidden=\"true\" class=\"fas fa-arrow-right\"><\/i>\t\t\t\t\t\t<\/span>\n\t\t\t\t\t\t\t\t\t\t<span class=\"elementor-icon-list-text\">Les prestations convenues ou re\u00e7ues<\/span>\n\t\t\t\t\t\t\t\t\t<\/li>\n\t\t\t\t\t\t\t\t<li class=\"elementor-icon-list-item\">\n\t\t\t\t\t\t\t\t\t\t\t<span class=\"elementor-icon-list-icon\">\n\t\t\t\t\t\t\t<i aria-hidden=\"true\" class=\"fas fa-arrow-right\"><\/i>\t\t\t\t\t\t<\/span>\n\t\t\t\t\t\t\t\t\t\t<span class=\"elementor-icon-list-text\">Le choix de la m\u00e9thode de d\u00e9compte effectif ou taux de la dette fiscale nette.<\/span>\n\t\t\t\t\t\t\t\t\t<\/li>\n\t\t\t\t\t\t<\/ul>\n\t\t\t\t\t\t<\/div>\n\t\t\t\t<\/div>\n\t\t\t\t<div class=\"elementor-element elementor-element-ee6e97a elementor-widget elementor-widget-text-editor\" data-id=\"ee6e97a\" data-element_type=\"widget\" data-e-type=\"widget\" data-widget_type=\"text-editor.default\">\n\t\t\t\t<div class=\"elementor-widget-container\">\n\t\t\t\t\t\t\t\t\t<p>Ces d\u00e9cisions auront un impact direct sur votre activit\u00e9. \u00catre accompagn\u00e9, d\u00e8s le d\u00e9but par un sp\u00e9cialiste vous \u00e9vite de commettre des erreurs. N\u2019h\u00e9sitez pas \u00e0 <a href=\"https:\/\/tax-services.ch\/contact\/\"><strong>prendre contact<\/strong><\/a> avec TaxFlow.<\/p><p>De plus, selon l\u2019activit\u00e9 que vous d\u00e9ployez et le courant de vos affaires, diff\u00e9rentes questions li\u00e9es \u00e0 la TVA rentreront en ligne de compte. Le respect des r\u00e8gles en mati\u00e8re de TVA vous \u00e9pargnera des peines en cas de contr\u00f4le.<\/p>\t\t\t\t\t\t\t\t<\/div>\n\t\t\t\t<\/div>\n\t\t\t\t<div class=\"elementor-element elementor-element-f1ac74b elementor-widget elementor-widget-heading\" data-id=\"f1ac74b\" data-element_type=\"widget\" data-e-type=\"widget\" data-widget_type=\"heading.default\">\n\t\t\t\t<div class=\"elementor-widget-container\">\n\t\t\t\t\t<h2 class=\"elementor-heading-title elementor-size-default\">FAQ - Concordance TVA<\/h2>\t\t\t\t<\/div>\n\t\t\t\t<\/div>\n\t\t\t\t<div class=\"elementor-element elementor-element-d824948 elementor-widget elementor-widget-toggle\" data-id=\"d824948\" data-element_type=\"widget\" data-e-type=\"widget\" data-widget_type=\"toggle.default\">\n\t\t\t\t<div class=\"elementor-widget-container\">\n\t\t\t\t\t\t\t<div class=\"elementor-toggle\">\n\t\t\t\t\t\t\t<div class=\"elementor-toggle-item\">\n\t\t\t\t\t<div id=\"elementor-tab-title-2261\" class=\"elementor-tab-title\" data-tab=\"1\" role=\"button\" aria-controls=\"elementor-tab-content-2261\" aria-expanded=\"false\">\n\t\t\t\t\t\t\t\t\t\t\t\t<span class=\"elementor-toggle-icon elementor-toggle-icon-right\" aria-hidden=\"true\">\n\t\t\t\t\t\t\t\t\t\t\t\t\t\t\t<span class=\"elementor-toggle-icon-closed\"><svg xmlns=\"http:\/\/www.w3.org\/2000\/svg\" id=\"a1e64e0c-4c41-4fca-8542-7a49c6092caa\" data-name=\"Layer 1\" width=\"16.9661\" height=\"16.9661\" viewBox=\"0 0 16.9661 16.9661\"><defs><style>.aed1427e-e5ff-4359-b373-334313c48315{fill:#1c2448;}<\/style><\/defs><path class=\"aed1427e-e5ff-4359-b373-334313c48315\" d=\"M8.8969,16.966V8.9071h8.0692V8.1012H8.8969V0H8.0693V8.1012H0v.8059H8.0693V16.966Z\" transform=\"translate(0 0.0001)\"><\/path><\/svg><\/span>\n\t\t\t\t\t\t\t\t<span class=\"elementor-toggle-icon-opened\"><svg xmlns=\"http:\/\/www.w3.org\/2000\/svg\" id=\"ef88faed-b140-41a0-9417-c1651f3bd4fc\" data-name=\"Layer 1\" width=\"13.785\" height=\"1.0074\" viewBox=\"0 0 13.785 1.0074\"><defs><style>.e3c7dd86-9752-467e-8574-885a4e9461bb{fill:#1c2448;}<\/style><\/defs><path class=\"e3c7dd86-9752-467e-8574-885a4e9461bb\" d=\"M13.785,1.0338V.0265H0V1.0338Z\" transform=\"translate(0 -0.0265)\"><\/path><\/svg><\/span>\n\t\t\t\t\t\t\t\t\t\t\t\t\t<\/span>\n\t\t\t\t\t\t\t\t\t\t\t\t<a class=\"elementor-toggle-title\" tabindex=\"0\">Comment remplir un d\u00e9compte TVA en Suisse ?<\/a>\n\t\t\t\t\t<\/div>\n\n\t\t\t\t\t<div id=\"elementor-tab-content-2261\" class=\"elementor-tab-content elementor-clearfix\" data-tab=\"1\" role=\"region\" aria-labelledby=\"elementor-tab-title-2261\"><p>Pour remplir un <a href=\"https:\/\/www.tax-services.ch\/fr\/tva-suisse-lessentiel\/\"><strong>d\u00e9compte TVA<\/strong><\/a>, vous devrez suivre les directives suivantes en fonction de la m\u00e9thode choisie.<\/p><p><strong>M\u00e9thode effective:<\/strong><\/p><ul><li>Le d\u00e9compte doit \u00eatre effectu\u00e9 tous les 3 mois<\/li><li>Il faudra soustraire la TVA d\u00e9ductible \u00e0 la TVA due<\/li><li>Si le montant est positif, vous avez une \u00ab\u00a0dette\u00a0\u00bb envers l&rsquo;AFC<\/li><li>Si le montant est n\u00e9gatif, l&rsquo;AFC a une \u00ab\u00a0dette\u00a0\u00bb envers vous<\/li><\/ul><p><strong>M\u00e9thode du taux de la dette fiscale nette:<\/strong><\/p><ul><li>Le d\u00e9compte est \u00e0 effectuer tous les 6 mois<\/li><li>Vous devrez appliquer le taux assign\u00e9 \u00e0 votre activit\u00e9 par l&rsquo;AFC aux prestations imposables<\/li><\/ul><\/div>\n\t\t\t\t<\/div>\n\t\t\t\t\t\t\t<div class=\"elementor-toggle-item\">\n\t\t\t\t\t<div id=\"elementor-tab-title-2262\" class=\"elementor-tab-title\" data-tab=\"2\" role=\"button\" aria-controls=\"elementor-tab-content-2262\" aria-expanded=\"false\">\n\t\t\t\t\t\t\t\t\t\t\t\t<span class=\"elementor-toggle-icon elementor-toggle-icon-right\" aria-hidden=\"true\">\n\t\t\t\t\t\t\t\t\t\t\t\t\t\t\t<span class=\"elementor-toggle-icon-closed\"><svg xmlns=\"http:\/\/www.w3.org\/2000\/svg\" id=\"a1e64e0c-4c41-4fca-8542-7a49c6092caa\" data-name=\"Layer 1\" width=\"16.9661\" height=\"16.9661\" viewBox=\"0 0 16.9661 16.9661\"><defs><style>.aed1427e-e5ff-4359-b373-334313c48315{fill:#1c2448;}<\/style><\/defs><path class=\"aed1427e-e5ff-4359-b373-334313c48315\" d=\"M8.8969,16.966V8.9071h8.0692V8.1012H8.8969V0H8.0693V8.1012H0v.8059H8.0693V16.966Z\" transform=\"translate(0 0.0001)\"><\/path><\/svg><\/span>\n\t\t\t\t\t\t\t\t<span class=\"elementor-toggle-icon-opened\"><svg xmlns=\"http:\/\/www.w3.org\/2000\/svg\" id=\"ef88faed-b140-41a0-9417-c1651f3bd4fc\" data-name=\"Layer 1\" width=\"13.785\" height=\"1.0074\" viewBox=\"0 0 13.785 1.0074\"><defs><style>.e3c7dd86-9752-467e-8574-885a4e9461bb{fill:#1c2448;}<\/style><\/defs><path class=\"e3c7dd86-9752-467e-8574-885a4e9461bb\" d=\"M13.785,1.0338V.0265H0V1.0338Z\" transform=\"translate(0 -0.0265)\"><\/path><\/svg><\/span>\n\t\t\t\t\t\t\t\t\t\t\t\t\t<\/span>\n\t\t\t\t\t\t\t\t\t\t\t\t<a class=\"elementor-toggle-title\" tabindex=\"0\">Comment calculer la TVA en Suisse ?<\/a>\n\t\t\t\t\t<\/div>\n\n\t\t\t\t\t<div id=\"elementor-tab-content-2262\" class=\"elementor-tab-content elementor-clearfix\" data-tab=\"2\" role=\"region\" aria-labelledby=\"elementor-tab-title-2262\"><p><strong>Ajouter la TVA :<\/strong><\/p><p>Montant TTC = Montant HT \u00d7 (1+taux de TVA)<\/p><p><strong>Soustraire la TVA :<\/strong><\/p><p><span class=\"mord text\"><span class=\"mord\">TVA <\/span><\/span><span class=\"mrel\">= (TTC x taux de TVA) \/ (1 + taux TVA)<br \/><\/span><\/p><p><strong>Taux<\/strong> : Normal 8.1 %, r\u00e9duit 2.6 %, sp\u00e9cial (h\u00f4tellerie) 3.8 %.<\/p><\/div>\n\t\t\t\t<\/div>\n\t\t\t\t\t\t\t<div class=\"elementor-toggle-item\">\n\t\t\t\t\t<div id=\"elementor-tab-title-2263\" class=\"elementor-tab-title\" data-tab=\"3\" role=\"button\" aria-controls=\"elementor-tab-content-2263\" aria-expanded=\"false\">\n\t\t\t\t\t\t\t\t\t\t\t\t<span class=\"elementor-toggle-icon elementor-toggle-icon-right\" aria-hidden=\"true\">\n\t\t\t\t\t\t\t\t\t\t\t\t\t\t\t<span class=\"elementor-toggle-icon-closed\"><svg xmlns=\"http:\/\/www.w3.org\/2000\/svg\" id=\"a1e64e0c-4c41-4fca-8542-7a49c6092caa\" data-name=\"Layer 1\" width=\"16.9661\" height=\"16.9661\" viewBox=\"0 0 16.9661 16.9661\"><defs><style>.aed1427e-e5ff-4359-b373-334313c48315{fill:#1c2448;}<\/style><\/defs><path class=\"aed1427e-e5ff-4359-b373-334313c48315\" d=\"M8.8969,16.966V8.9071h8.0692V8.1012H8.8969V0H8.0693V8.1012H0v.8059H8.0693V16.966Z\" transform=\"translate(0 0.0001)\"><\/path><\/svg><\/span>\n\t\t\t\t\t\t\t\t<span class=\"elementor-toggle-icon-opened\"><svg xmlns=\"http:\/\/www.w3.org\/2000\/svg\" id=\"ef88faed-b140-41a0-9417-c1651f3bd4fc\" data-name=\"Layer 1\" width=\"13.785\" height=\"1.0074\" viewBox=\"0 0 13.785 1.0074\"><defs><style>.e3c7dd86-9752-467e-8574-885a4e9461bb{fill:#1c2448;}<\/style><\/defs><path class=\"e3c7dd86-9752-467e-8574-885a4e9461bb\" d=\"M13.785,1.0338V.0265H0V1.0338Z\" transform=\"translate(0 -0.0265)\"><\/path><\/svg><\/span>\n\t\t\t\t\t\t\t\t\t\t\t\t\t<\/span>\n\t\t\t\t\t\t\t\t\t\t\t\t<a class=\"elementor-toggle-title\" tabindex=\"0\">Comment obtenir un num\u00e9ro de TVA ?<\/a>\n\t\t\t\t\t<\/div>\n\n\t\t\t\t\t<div id=\"elementor-tab-content-2263\" class=\"elementor-tab-content elementor-clearfix\" data-tab=\"3\" role=\"region\" aria-labelledby=\"elementor-tab-title-2263\"><p>Vous devrez simplement <strong>inscrire<\/strong> votre entreprise au <strong>Registre du commerce<\/strong>. Un num\u00e9ro TVA vous sera attribu\u00e9 \u00e0 ce moment l\u00e0. Le num\u00e9ro aura la forme : CHE-123.456.789.<\/p><\/div>\n\t\t\t\t<\/div>\n\t\t\t\t\t\t\t<div class=\"elementor-toggle-item\">\n\t\t\t\t\t<div id=\"elementor-tab-title-2264\" class=\"elementor-tab-title\" data-tab=\"4\" role=\"button\" aria-controls=\"elementor-tab-content-2264\" aria-expanded=\"false\">\n\t\t\t\t\t\t\t\t\t\t\t\t<span class=\"elementor-toggle-icon elementor-toggle-icon-right\" aria-hidden=\"true\">\n\t\t\t\t\t\t\t\t\t\t\t\t\t\t\t<span class=\"elementor-toggle-icon-closed\"><svg xmlns=\"http:\/\/www.w3.org\/2000\/svg\" id=\"a1e64e0c-4c41-4fca-8542-7a49c6092caa\" data-name=\"Layer 1\" width=\"16.9661\" height=\"16.9661\" viewBox=\"0 0 16.9661 16.9661\"><defs><style>.aed1427e-e5ff-4359-b373-334313c48315{fill:#1c2448;}<\/style><\/defs><path class=\"aed1427e-e5ff-4359-b373-334313c48315\" d=\"M8.8969,16.966V8.9071h8.0692V8.1012H8.8969V0H8.0693V8.1012H0v.8059H8.0693V16.966Z\" transform=\"translate(0 0.0001)\"><\/path><\/svg><\/span>\n\t\t\t\t\t\t\t\t<span class=\"elementor-toggle-icon-opened\"><svg xmlns=\"http:\/\/www.w3.org\/2000\/svg\" id=\"ef88faed-b140-41a0-9417-c1651f3bd4fc\" data-name=\"Layer 1\" width=\"13.785\" height=\"1.0074\" viewBox=\"0 0 13.785 1.0074\"><defs><style>.e3c7dd86-9752-467e-8574-885a4e9461bb{fill:#1c2448;}<\/style><\/defs><path class=\"e3c7dd86-9752-467e-8574-885a4e9461bb\" d=\"M13.785,1.0338V.0265H0V1.0338Z\" transform=\"translate(0 -0.0265)\"><\/path><\/svg><\/span>\n\t\t\t\t\t\t\t\t\t\t\t\t\t<\/span>\n\t\t\t\t\t\t\t\t\t\t\t\t<a class=\"elementor-toggle-title\" tabindex=\"0\">Comment recup\u00e9rer la TVA fran\u00e7aise en Suisse ?<\/a>\n\t\t\t\t\t<\/div>\n\n\t\t\t\t\t<div id=\"elementor-tab-content-2264\" class=\"elementor-tab-content elementor-clearfix\" data-tab=\"4\" role=\"region\" aria-labelledby=\"elementor-tab-title-2264\"><p>Les r\u00e9sidants suisse ayant effectu\u00e9 des achats en France peuvent obtenir le remboursement de la TVA en scannant leur <strong>bordereau de vente \u00e0 l\u2019exportation<\/strong> \u00e0 une borne de d\u00e9taxe PABLO.<\/p><p><strong>Important<\/strong> : Les biens doivent \u00eatre export\u00e9s hors de l&rsquo;Union europ\u00e9enne dans les 3 mois suivant l&rsquo;achat.<\/p><\/div>\n\t\t\t\t<\/div>\n\t\t\t\t\t\t\t<div class=\"elementor-toggle-item\">\n\t\t\t\t\t<div id=\"elementor-tab-title-2265\" class=\"elementor-tab-title\" data-tab=\"5\" role=\"button\" aria-controls=\"elementor-tab-content-2265\" aria-expanded=\"false\">\n\t\t\t\t\t\t\t\t\t\t\t\t<span class=\"elementor-toggle-icon elementor-toggle-icon-right\" aria-hidden=\"true\">\n\t\t\t\t\t\t\t\t\t\t\t\t\t\t\t<span class=\"elementor-toggle-icon-closed\"><svg xmlns=\"http:\/\/www.w3.org\/2000\/svg\" id=\"a1e64e0c-4c41-4fca-8542-7a49c6092caa\" data-name=\"Layer 1\" width=\"16.9661\" height=\"16.9661\" viewBox=\"0 0 16.9661 16.9661\"><defs><style>.aed1427e-e5ff-4359-b373-334313c48315{fill:#1c2448;}<\/style><\/defs><path class=\"aed1427e-e5ff-4359-b373-334313c48315\" d=\"M8.8969,16.966V8.9071h8.0692V8.1012H8.8969V0H8.0693V8.1012H0v.8059H8.0693V16.966Z\" transform=\"translate(0 0.0001)\"><\/path><\/svg><\/span>\n\t\t\t\t\t\t\t\t<span class=\"elementor-toggle-icon-opened\"><svg xmlns=\"http:\/\/www.w3.org\/2000\/svg\" id=\"ef88faed-b140-41a0-9417-c1651f3bd4fc\" data-name=\"Layer 1\" width=\"13.785\" height=\"1.0074\" viewBox=\"0 0 13.785 1.0074\"><defs><style>.e3c7dd86-9752-467e-8574-885a4e9461bb{fill:#1c2448;}<\/style><\/defs><path class=\"e3c7dd86-9752-467e-8574-885a4e9461bb\" d=\"M13.785,1.0338V.0265H0V1.0338Z\" transform=\"translate(0 -0.0265)\"><\/path><\/svg><\/span>\n\t\t\t\t\t\t\t\t\t\t\t\t\t<\/span>\n\t\t\t\t\t\t\t\t\t\t\t\t<a class=\"elementor-toggle-title\" tabindex=\"0\">Comment fonctionne la TVA sur les prestations de services ?<\/a>\n\t\t\t\t\t<\/div>\n\n\t\t\t\t\t<div id=\"elementor-tab-content-2265\" class=\"elementor-tab-content elementor-clearfix\" data-tab=\"5\" role=\"region\" aria-labelledby=\"elementor-tab-title-2265\"><p>La TVA sur les services d\u00e9pend du lieu o\u00f9 le service est consid\u00e9r\u00e9 comme effectu\u00e9.<\/p><p>Pour les entreprises, la TVA est due dans le pays du client. Pour les particuliers, la TVA est g\u00e9n\u00e9ralement due dans le <strong>pays du prestataire<\/strong> de services.<\/p><p>Les prestataires de services doivent d\u00e9clarer et payer la TVA collect\u00e9e selon les r\u00e8gles de leur pays d\u2019enregistrement.<\/p><\/div>\n\t\t\t\t<\/div>\n\t\t\t\t\t\t\t\t\t\t<script type=\"application\/ld+json\">{\"@context\":\"https:\\\/\\\/schema.org\",\"@type\":\"FAQPage\",\"mainEntity\":[{\"@type\":\"Question\",\"name\":\"Comment remplir un d\\u00e9compte TVA en Suisse ?\",\"acceptedAnswer\":{\"@type\":\"Answer\",\"text\":\"<p>Pour remplir un <a href=\\\"https:\\\/\\\/www.tax-services.ch\\\/fr\\\/tva-suisse-lessentiel\\\/\\\"><strong>d\\u00e9compte TVA<\\\/strong><\\\/a>, vous devrez suivre les directives suivantes en fonction de la m\\u00e9thode choisie.<\\\/p><p><strong>M\\u00e9thode effective:<\\\/strong><\\\/p><ul><li>Le d\\u00e9compte doit \\u00eatre effectu\\u00e9 tous les 3 mois<\\\/li><li>Il faudra soustraire la TVA d\\u00e9ductible \\u00e0 la TVA due<\\\/li><li>Si le montant est positif, vous avez une \\u00ab\\u00a0dette\\u00a0\\u00bb envers l&rsquo;AFC<\\\/li><li>Si le montant est n\\u00e9gatif, l&rsquo;AFC a une \\u00ab\\u00a0dette\\u00a0\\u00bb envers vous<\\\/li><\\\/ul><p><strong>M\\u00e9thode du taux de la dette fiscale nette:<\\\/strong><\\\/p><ul><li>Le d\\u00e9compte est \\u00e0 effectuer tous les 6 mois<\\\/li><li>Vous devrez appliquer le taux assign\\u00e9 \\u00e0 votre activit\\u00e9 par l&rsquo;AFC aux prestations imposables<\\\/li><\\\/ul>\"}},{\"@type\":\"Question\",\"name\":\"Comment calculer la TVA en Suisse ?\",\"acceptedAnswer\":{\"@type\":\"Answer\",\"text\":\"<p><strong>Ajouter la TVA :<\\\/strong><\\\/p><p>Montant TTC = Montant HT \\u00d7 (1+taux de TVA)<\\\/p><p><strong>Soustraire la TVA :<\\\/strong><\\\/p><p><span class=\\\"mord text\\\"><span class=\\\"mord\\\">TVA <\\\/span><\\\/span><span class=\\\"mrel\\\">= (TTC x taux de TVA) \\\/ (1 + taux TVA)<br \\\/><\\\/span><\\\/p><p><strong>Taux<\\\/strong> : Normal 8.1 %, r\\u00e9duit 2.6 %, sp\\u00e9cial (h\\u00f4tellerie) 3.8 %.<\\\/p>\"}},{\"@type\":\"Question\",\"name\":\"Comment obtenir un num\\u00e9ro de TVA ?\",\"acceptedAnswer\":{\"@type\":\"Answer\",\"text\":\"<p>Vous devrez simplement <strong>inscrire<\\\/strong> votre entreprise au <strong>Registre du commerce<\\\/strong>. Un num\\u00e9ro TVA vous sera attribu\\u00e9 \\u00e0 ce moment l\\u00e0. Le num\\u00e9ro aura la forme : CHE-123.456.789.<\\\/p>\"}},{\"@type\":\"Question\",\"name\":\"Comment recup\\u00e9rer la TVA fran\\u00e7aise en Suisse ?\",\"acceptedAnswer\":{\"@type\":\"Answer\",\"text\":\"<p>Les r\\u00e9sidants suisse ayant effectu\\u00e9 des achats en France peuvent obtenir le remboursement de la TVA en scannant leur <strong>bordereau de vente \\u00e0 l\\u2019exportation<\\\/strong> \\u00e0 une borne de d\\u00e9taxe PABLO.<\\\/p><p><strong>Important<\\\/strong> : Les biens doivent \\u00eatre export\\u00e9s hors de l&rsquo;Union europ\\u00e9enne dans les 3 mois suivant l&rsquo;achat.<\\\/p>\"}},{\"@type\":\"Question\",\"name\":\"Comment fonctionne la TVA sur les prestations de services ?\",\"acceptedAnswer\":{\"@type\":\"Answer\",\"text\":\"<p>La TVA sur les services d\\u00e9pend du lieu o\\u00f9 le service est consid\\u00e9r\\u00e9 comme effectu\\u00e9.<\\\/p><p>Pour les entreprises, la TVA est due dans le pays du client. Pour les particuliers, la TVA est g\\u00e9n\\u00e9ralement due dans le <strong>pays du prestataire<\\\/strong> de services.<\\\/p><p>Les prestataires de services doivent d\\u00e9clarer et payer la TVA collect\\u00e9e selon les r\\u00e8gles de leur pays d\\u2019enregistrement.<\\\/p>\"}}]}<\/script>\n\t\t\t\t\t<\/div>\n\t\t\t\t\t\t<\/div>\n\t\t\t\t<\/div>\n\t\t\t\t\t<\/div>\n\t\t<\/div>\n\t\t\t\t\t<\/div>\n\t\t<\/section>\n\t\t\t\t<\/div>\n\t\t","protected":false},"excerpt":{"rendered":"<p>D\u00e9couvrez tout ce qu&rsquo;il y a \u00e0 savoir sur la TVA suisse: taux en vigueur, seuils d&rsquo;assujetissement, inscription, d\u00e9comptes, et bien plus encore dans notre guide r\u00e9guli\u00e8rement mis \u00e0 jour.<\/p>\n","protected":false},"author":1,"featured_media":33662,"comment_status":"open","ping_status":"open","sticky":false,"template":"","format":"standard","meta":{"_et_pb_use_builder":"","_et_pb_old_content":"","_et_gb_content_width":"","content-type":"","footnotes":""},"categories":[57],"tags":[],"class_list":["post-29641","post","type-post","status-publish","format-standard","has-post-thumbnail","hentry","category-tva"],"_links":{"self":[{"href":"https:\/\/www.tax-services.ch\/fr\/wp-json\/wp\/v2\/posts\/29641","targetHints":{"allow":["GET"]}}],"collection":[{"href":"https:\/\/www.tax-services.ch\/fr\/wp-json\/wp\/v2\/posts"}],"about":[{"href":"https:\/\/www.tax-services.ch\/fr\/wp-json\/wp\/v2\/types\/post"}],"author":[{"embeddable":true,"href":"https:\/\/www.tax-services.ch\/fr\/wp-json\/wp\/v2\/users\/1"}],"replies":[{"embeddable":true,"href":"https:\/\/www.tax-services.ch\/fr\/wp-json\/wp\/v2\/comments?post=29641"}],"version-history":[{"count":101,"href":"https:\/\/www.tax-services.ch\/fr\/wp-json\/wp\/v2\/posts\/29641\/revisions"}],"predecessor-version":[{"id":34539,"href":"https:\/\/www.tax-services.ch\/fr\/wp-json\/wp\/v2\/posts\/29641\/revisions\/34539"}],"wp:featuredmedia":[{"embeddable":true,"href":"https:\/\/www.tax-services.ch\/fr\/wp-json\/wp\/v2\/media\/33662"}],"wp:attachment":[{"href":"https:\/\/www.tax-services.ch\/fr\/wp-json\/wp\/v2\/media?parent=29641"}],"wp:term":[{"taxonomy":"category","embeddable":true,"href":"https:\/\/www.tax-services.ch\/fr\/wp-json\/wp\/v2\/categories?post=29641"},{"taxonomy":"post_tag","embeddable":true,"href":"https:\/\/www.tax-services.ch\/fr\/wp-json\/wp\/v2\/tags?post=29641"}],"curies":[{"name":"wp","href":"https:\/\/api.w.org\/{rel}","templated":true}]}}