{"id":34615,"date":"2025-02-21T09:59:00","date_gmt":"2025-02-21T08:59:00","guid":{"rendered":"https:\/\/www.tax-services.ch\/?p=34615"},"modified":"2025-02-21T15:14:58","modified_gmt":"2025-02-21T14:14:58","slug":"limpot-foncier-en-valais","status":"publish","type":"post","link":"https:\/\/www.tax-services.ch\/es\/limpot-foncier-en-valais\/","title":{"rendered":"L&rsquo;imp\u00f4t foncier en Valais"},"content":{"rendered":"\t\t<div data-elementor-type=\"wp-post\" data-elementor-id=\"34615\" class=\"elementor elementor-34615\" data-elementor-post-type=\"post\">\n\t\t\t\t\t\t<section class=\"elementor-section elementor-top-section elementor-element elementor-element-7877909f elementor-section-boxed elementor-section-height-default elementor-section-height-default\" data-id=\"7877909f\" data-element_type=\"section\" data-e-type=\"section\">\n\t\t\t\t\t\t<div class=\"elementor-container elementor-column-gap-default\">\n\t\t\t\t\t<div class=\"elementor-column elementor-col-100 elementor-top-column elementor-element elementor-element-4687d52c\" data-id=\"4687d52c\" data-element_type=\"column\" data-e-type=\"column\">\n\t\t\t<div class=\"elementor-widget-wrap elementor-element-populated\">\n\t\t\t\t\t\t<div class=\"elementor-element elementor-element-15fa289c elementor-widget elementor-widget-heading\" data-id=\"15fa289c\" data-element_type=\"widget\" data-e-type=\"widget\" data-widget_type=\"heading.default\">\n\t\t\t\t<div class=\"elementor-widget-container\">\n\t\t\t\t\t<h2 class=\"elementor-heading-title elementor-size-default\">L'imp\u00f4t foncier dans le canton du Valais : D\u00e9finition<\/h2>\t\t\t\t<\/div>\n\t\t\t\t<\/div>\n\t\t\t\t<div class=\"elementor-element elementor-element-69948399 elementor-widget elementor-widget-text-editor\" data-id=\"69948399\" data-element_type=\"widget\" data-e-type=\"widget\" data-widget_type=\"text-editor.default\">\n\t\t\t\t<div class=\"elementor-widget-container\">\n\t\t\t\t\t\t\t\t\t<p>En Suisse, les cantons sont autoris\u00e9s \u00e0 pr\u00e9lever un <a href=\"https:\/\/www.estv2.admin.ch\/stp\/ds\/d-liegenschaftssteuer-fr.pdf\" target=\"_blank\" rel=\"noopener\">imp\u00f4t foncier<\/a>. Les sp\u00e9cificit\u00e9s de cet imp\u00f4t sont d\u00e9cid\u00e9s par les cantons.<\/p><p>En Valais comme en Suisse, l&rsquo;imp\u00f4t foncier est un imp\u00f4t pr\u00e9lev\u00e9 chaque ann\u00e9e sur les biens <strong>immobiliers<\/strong>. Que vous soyez propri\u00e9taire ou usufruitier enregistr\u00e9, cet imp\u00f4t doit \u00eatre pay\u00e9 chaque d\u00e9but d&rsquo;ann\u00e9e.\u00a0<\/p>\t\t\t\t\t\t\t\t<\/div>\n\t\t\t\t<\/div>\n\t\t\t\t<div class=\"elementor-element elementor-element-9495242 elementor-widget elementor-widget-heading\" data-id=\"9495242\" data-element_type=\"widget\" data-e-type=\"widget\" data-widget_type=\"heading.default\">\n\t\t\t\t<div class=\"elementor-widget-container\">\n\t\t\t\t\t<h3 class=\"elementor-heading-title elementor-size-default\">Un imp\u00f4t facultatif en Suisse<\/h3>\t\t\t\t<\/div>\n\t\t\t\t<\/div>\n\t\t\t\t<div class=\"elementor-element elementor-element-5cf904c elementor-widget elementor-widget-text-editor\" data-id=\"5cf904c\" data-element_type=\"widget\" data-e-type=\"widget\" data-widget_type=\"text-editor.default\">\n\t\t\t\t<div class=\"elementor-widget-container\">\n\t\t\t\t\t\t\t\t\t<p>L&rsquo;imp\u00f4t foncier est un imp\u00f4t <strong>communal<\/strong> et\/ou <strong>cantonal<\/strong> et non f\u00e9d\u00e9ral. Il est aussi facultatif. Certains cantons comme Zurich, Schwyz, Glaris, Zoug, Soleure, B\u00e2le-Campagne et l&rsquo;Argovie n&rsquo;en pr\u00e9l\u00e8vent pas.<\/p><p>Cepdendant, dans le canton du <strong>Valais<\/strong>, c&rsquo;est un imp\u00f4t communal <strong>et<\/strong> cantonal.<\/p><p>L&rsquo;imp\u00f4t foncier est un imp\u00f4t <strong>\u00ab\u00a0r\u00e9el\u00a0\u00bb<\/strong>, c&rsquo;est-\u00e0-dire que la situation financi\u00e8re du propri\u00e9taire n&rsquo;entre pas en compte lors du calcul de cet imp\u00f4t. L&rsquo;imp\u00f4t concerne uniquement le b\u00e2timent.<\/p>\t\t\t\t\t\t\t\t<\/div>\n\t\t\t\t<\/div>\n\t\t\t\t<div class=\"elementor-element elementor-element-7ea188dd elementor-widget elementor-widget-heading\" data-id=\"7ea188dd\" data-element_type=\"widget\" data-e-type=\"widget\" data-widget_type=\"heading.default\">\n\t\t\t\t<div class=\"elementor-widget-container\">\n\t\t\t\t\t<h2 class=\"elementor-heading-title elementor-size-default\">Qu'est-ce qui est consid\u00e9r\u00e9 comme un immeuble ?<\/h2>\t\t\t\t<\/div>\n\t\t\t\t<\/div>\n\t\t\t\t<div class=\"elementor-element elementor-element-2ae185f6 elementor-widget elementor-widget-text-editor\" data-id=\"2ae185f6\" data-element_type=\"widget\" data-e-type=\"widget\" data-widget_type=\"text-editor.default\">\n\t\t\t\t<div class=\"elementor-widget-container\">\n\t\t\t\t\t\t\t\t\t<p>Attention cependant aux confusions. Pour bien comprendre comment fonctionne l&rsquo;imp\u00f4t foncier en Valais, il est important de d\u00e9finir ce qui est entendu par <strong>\u00ab\u00a0immeuble\u00a0\u00bb<\/strong>.<\/p><p>En effet, bien qu&rsquo;on pense souvent que ce mot ne r\u00e9f\u00e8re qu&rsquo;\u00e0 des immeubles d&rsquo;habitations, cela n&rsquo;est pas toujours le cas.<\/p>\t\t\t\t\t\t\t\t<\/div>\n\t\t\t\t<\/div>\n\t\t\t\t<div class=\"elementor-element elementor-element-6a613400 elementor-widget elementor-widget-text-editor\" data-id=\"6a613400\" data-element_type=\"widget\" data-e-type=\"widget\" data-widget_type=\"text-editor.default\">\n\t\t\t\t<div class=\"elementor-widget-container\">\n\t\t\t\t\t\t\t\t\t<p>Selon l&rsquo;<a href=\"https:\/\/www.fedlex.admin.ch\/eli\/cc\/24\/233_245_233\/fr#art_655\" target=\"_blank\" rel=\"noopener\">art. 665 CC<\/a>, sont d\u00e9finis comme immeubles les:<\/p>\t\t\t\t\t\t\t\t<\/div>\n\t\t\t\t<\/div>\n\t\t\t\t<div class=\"elementor-element elementor-element-fab96e4 elementor-icon-list--layout-traditional elementor-list-item-link-full_width elementor-widget elementor-widget-icon-list\" data-id=\"fab96e4\" data-element_type=\"widget\" data-e-type=\"widget\" data-widget_type=\"icon-list.default\">\n\t\t\t\t<div class=\"elementor-widget-container\">\n\t\t\t\t\t\t\t<ul class=\"elementor-icon-list-items\">\n\t\t\t\t\t\t\t<li class=\"elementor-icon-list-item\">\n\t\t\t\t\t\t\t\t\t\t\t<span class=\"elementor-icon-list-icon\">\n\t\t\t\t\t\t\t<i aria-hidden=\"true\" class=\"fas fa-arrow-right\"><\/i>\t\t\t\t\t\t<\/span>\n\t\t\t\t\t\t\t\t\t\t<span class=\"elementor-icon-list-text\">Biens-fonds, c'est-\u00e0-dire tout ce qui est compris sur une parcelle de terre d\u00e9limit\u00e9e<\/span>\n\t\t\t\t\t\t\t\t\t<\/li>\n\t\t\t\t\t\t\t\t<li class=\"elementor-icon-list-item\">\n\t\t\t\t\t\t\t\t\t\t\t<span class=\"elementor-icon-list-icon\">\n\t\t\t\t\t\t\t<i aria-hidden=\"true\" class=\"fas fa-arrow-right\"><\/i>\t\t\t\t\t\t<\/span>\n\t\t\t\t\t\t\t\t\t\t<span class=\"elementor-icon-list-text\">Droits distincts et permanents, c'est-\u00e0-dire le droit d'utiliser un terrain pendant une longue p\u00e9riode afin d'y construire quelque chose, sans \u00eatre soi-m\u00eame propri\u00e9taire du terrain<\/span>\n\t\t\t\t\t\t\t\t\t<\/li>\n\t\t\t\t\t\t\t\t<li class=\"elementor-icon-list-item\">\n\t\t\t\t\t\t\t\t\t\t\t<span class=\"elementor-icon-list-icon\">\n\t\t\t\t\t\t\t<i aria-hidden=\"true\" class=\"fas fa-arrow-right\"><\/i>\t\t\t\t\t\t<\/span>\n\t\t\t\t\t\t\t\t\t\t<span class=\"elementor-icon-list-text\">Mines<\/span>\n\t\t\t\t\t\t\t\t\t<\/li>\n\t\t\t\t\t\t\t\t<li class=\"elementor-icon-list-item\">\n\t\t\t\t\t\t\t\t\t\t\t<span class=\"elementor-icon-list-icon\">\n\t\t\t\t\t\t\t<i aria-hidden=\"true\" class=\"fas fa-arrow-right\"><\/i>\t\t\t\t\t\t<\/span>\n\t\t\t\t\t\t\t\t\t\t<span class=\"elementor-icon-list-text\">Parts de copropri\u00e9t\u00e9 d'un immeuble<\/span>\n\t\t\t\t\t\t\t\t\t<\/li>\n\t\t\t\t\t\t<\/ul>\n\t\t\t\t\t\t<\/div>\n\t\t\t\t<\/div>\n\t\t\t\t<div class=\"elementor-element elementor-element-76120b49 elementor-widget elementor-widget-heading\" data-id=\"76120b49\" data-element_type=\"widget\" data-e-type=\"widget\" data-widget_type=\"heading.default\">\n\t\t\t\t<div class=\"elementor-widget-container\">\n\t\t\t\t\t<h2 class=\"elementor-heading-title elementor-size-default\">Qui doit payer l\u2019imp\u00f4t foncier dans le canton de Valais ?<\/h2>\t\t\t\t<\/div>\n\t\t\t\t<\/div>\n\t\t\t\t<div class=\"elementor-element elementor-element-80cc942 elementor-widget elementor-widget-text-editor\" data-id=\"80cc942\" data-element_type=\"widget\" data-e-type=\"widget\" data-widget_type=\"text-editor.default\">\n\t\t\t\t<div class=\"elementor-widget-container\">\n\t\t\t\t\t\t\t\t\t<p>En Valais, vous soyez une personne physique ou une soci\u00e9t\u00e9, tant que vous \u00eates <strong>propri\u00e9taire<\/strong> d&rsquo;un bien immobilier, vous devrez vous acquitter de cet imp\u00f4t, au niveau cantonal et communal.<\/p><p>Dans le cas d&rsquo;un usufruit dans le canton du Valais, le propri\u00e9taire est toujours responsable pour le paiement de l&rsquo;imp\u00f4t foncier, sauf s&rsquo;il inscrit l&rsquo;usufruit au <strong>Registre foncier.<\/strong> Une fois l&rsquo;inscription faite, c&rsquo;est \u00e0 l&rsquo;usufruitier de s&rsquo;acquitter de l&rsquo;imp\u00f4t.\u00a0<\/p>\t\t\t\t\t\t\t\t<\/div>\n\t\t\t\t<\/div>\n\t\t\t\t<div class=\"elementor-element elementor-element-276cb72 elementor-widget elementor-widget-heading\" data-id=\"276cb72\" data-element_type=\"widget\" data-e-type=\"widget\" data-widget_type=\"heading.default\">\n\t\t\t\t<div class=\"elementor-widget-container\">\n\t\t\t\t\t<h3 class=\"elementor-heading-title elementor-size-default\">Propri\u00e9taires de r\u00e9sidences secondaires<\/h3>\t\t\t\t<\/div>\n\t\t\t\t<\/div>\n\t\t\t\t<div class=\"elementor-element elementor-element-41c0f197 elementor-widget elementor-widget-text-editor\" data-id=\"41c0f197\" data-element_type=\"widget\" data-e-type=\"widget\" data-widget_type=\"text-editor.default\">\n\t\t\t\t<div class=\"elementor-widget-container\">\n\t\t\t\t\t\t\t\t\t<p>M\u00eame si vous n&rsquo;habitez pas dans l&rsquo;immeuble en question, vous serez tout de m\u00eame soumis \u00e0 cet imp\u00f4t. En effet, puisque c&rsquo;est un <strong>imp\u00f4t r\u00e9el<\/strong>, il vise \u00e0 toucher la r\u00e9sidence en question et non pas le propri\u00e9taire. Sa r\u00e9sidence principale n&rsquo;a pas d&rsquo;incidence sur l&rsquo;imp\u00f4t foncier en <strong>Valais<\/strong>.<\/p>\t\t\t\t\t\t\t\t<\/div>\n\t\t\t\t<\/div>\n\t\t\t\t<div class=\"elementor-element elementor-element-74d22861 elementor-widget elementor-widget-heading\" data-id=\"74d22861\" data-element_type=\"widget\" data-e-type=\"widget\" data-widget_type=\"heading.default\">\n\t\t\t\t<div class=\"elementor-widget-container\">\n\t\t\t\t\t<h2 class=\"elementor-heading-title elementor-size-default\">Exon\u00e9rations<\/h2>\t\t\t\t<\/div>\n\t\t\t\t<\/div>\n\t\t\t\t<div class=\"elementor-element elementor-element-b3b6a37 elementor-widget elementor-widget-text-editor\" data-id=\"b3b6a37\" data-element_type=\"widget\" data-e-type=\"widget\" data-widget_type=\"text-editor.default\">\n\t\t\t\t<div class=\"elementor-widget-container\">\n\t\t\t\t\t\t\t\t\t<p>Certains cantons comme le canton de <strong><a href=\"https:\/\/www.tax-services.ch\/fr\/limpot-foncier-dans-le-canton-de-vaud\/#:~:text=Selon%20la%20loi%20LICom%2C%20dans,et%20il%20est%20aussi%20facultatif.\">Vaud<\/a> <\/strong>pr\u00e9voit des exon\u00e9rations pour certains b\u00e2timents, comme les \u00e9glises ou d&rsquo;utilit\u00e9 publique comme les \u00e9coles ou les fondations.<\/p><p>En revanche, le canton du Valais n&rsquo;est pas aussi avantageux. Il n&rsquo;offre pas d&rsquo;exon\u00e9rations, m\u00eame si le b\u00e2timent est utilis\u00e9 \u00e0 des fins d&rsquo;utilit\u00e9 publique.<\/p>\t\t\t\t\t\t\t\t<\/div>\n\t\t\t\t<\/div>\n\t\t\t\t<div class=\"elementor-element elementor-element-4b316cf6 elementor-widget elementor-widget-heading\" data-id=\"4b316cf6\" data-element_type=\"widget\" data-e-type=\"widget\" data-widget_type=\"heading.default\">\n\t\t\t\t<div class=\"elementor-widget-container\">\n\t\t\t\t\t<h2 class=\"elementor-heading-title elementor-size-default\">Comment calculer l'imp\u00f4t foncier dans le canton de Valais ?<\/h2>\t\t\t\t<\/div>\n\t\t\t\t<\/div>\n\t\t\t\t<div class=\"elementor-element elementor-element-48ed4ba2 elementor-widget elementor-widget-heading\" data-id=\"48ed4ba2\" data-element_type=\"widget\" data-e-type=\"widget\" data-widget_type=\"heading.default\">\n\t\t\t\t<div class=\"elementor-widget-container\">\n\t\t\t\t\t<h3 class=\"elementor-heading-title elementor-size-default\">Estimation de la valeur d'un immeuble<\/h3>\t\t\t\t<\/div>\n\t\t\t\t<\/div>\n\t\t\t\t<div class=\"elementor-element elementor-element-74cd3beb elementor-widget elementor-widget-text-editor\" data-id=\"74cd3beb\" data-element_type=\"widget\" data-e-type=\"widget\" data-widget_type=\"text-editor.default\">\n\t\t\t\t<div class=\"elementor-widget-container\">\n\t\t\t\t\t\t\t\t\t<p>Contrairement \u00e0 d&rsquo;autres biens, la valeur d&rsquo;un immeuble soumis \u00e0 l&rsquo;imp\u00f4t foncier n&rsquo;est pas calcul\u00e9e chaque ann\u00e9e. En effet, l&rsquo;imp\u00f4t est per\u00e7u sur la \u00ab\u00a0valeur brute\u00a0\u00bb (aussi appel\u00e9e valeur v\u00e9nale ou valeur de rendement) de l&rsquo;immeuble. Les dettes ne sont pas prises en compte lors du calcul.<\/p><p>C&rsquo;est g\u00e9n\u00e9ralement le <strong>prix d&rsquo;acquisition<\/strong>, le co\u00fbt de construction ou la valeur estim\u00e9e sur le march\u00e9 avant toute d\u00e9duction (comme l&rsquo;usure du b\u00e2timent ou les pr\u00eats hypoth\u00e9caires).<\/p><p>La valeur de <strong>rendement<\/strong> peut aussi \u00eatre utilis\u00e9e pour calculer l&rsquo;imp\u00f4t foncier, en particulier pour les immeubles agricoles, o\u00f9 cette valeur est plus tangible.<\/p>\t\t\t\t\t\t\t\t<\/div>\n\t\t\t\t<\/div>\n\t\t\t\t<div class=\"elementor-element elementor-element-944b54b elementor-widget elementor-widget-heading\" data-id=\"944b54b\" data-element_type=\"widget\" data-e-type=\"widget\" data-widget_type=\"heading.default\">\n\t\t\t\t<div class=\"elementor-widget-container\">\n\t\t\t\t\t<h3 class=\"elementor-heading-title elementor-size-default\">Taux d'imposition<\/h3>\t\t\t\t<\/div>\n\t\t\t\t<\/div>\n\t\t\t\t<div class=\"elementor-element elementor-element-710dd445 elementor-widget elementor-widget-text-editor\" data-id=\"710dd445\" data-element_type=\"widget\" data-e-type=\"widget\" data-widget_type=\"text-editor.default\">\n\t\t\t\t<div class=\"elementor-widget-container\">\n\t\t\t\t\t\t\t\t\t<p>Une fois la valeur estim\u00e9e, un taux d&rsquo;imposition de 0.1% (1\u2030) de la valeur du bien en question est g\u00e9n\u00e9ralement appliqu\u00e9. On peut ensuite appliquer la formule suivante sera alors appliqu\u00e9e:<\/p><p><strong><span class=\"\">Estimation fiscale x 1 \/ 1000 = Montant de l&rsquo;imp\u00f4t foncier<\/span><\/strong><\/p>\t\t\t\t\t\t\t\t<\/div>\n\t\t\t\t<\/div>\n\t\t\t\t<div class=\"elementor-element elementor-element-1b97f52 elementor-widget elementor-widget-heading\" data-id=\"1b97f52\" data-element_type=\"widget\" data-e-type=\"widget\" data-widget_type=\"heading.default\">\n\t\t\t\t<div class=\"elementor-widget-container\">\n\t\t\t\t\t<h3 class=\"elementor-heading-title elementor-size-default\">Exemple<\/h3>\t\t\t\t<\/div>\n\t\t\t\t<\/div>\n\t\t\t\t<div class=\"elementor-element elementor-element-20404af elementor-widget elementor-widget-text-editor\" data-id=\"20404af\" data-element_type=\"widget\" data-e-type=\"widget\" data-widget_type=\"text-editor.default\">\n\t\t\t\t<div class=\"elementor-widget-container\">\n\t\t\t\t\t\t\t\t\t<p>Par exemple, pour un immeuble dont la valeur a \u00e9t\u00e9 estim\u00e9e \u00e0 500&rsquo;000 CHF, on peut appliquer la formule pr\u00e9c\u00e9dente de la mani\u00e8re suivante :<\/p><p><strong>500&rsquo;000 (estimation fiscale) x 1 \/ 1000 = 500 CHF<\/strong><\/p><p>L&rsquo;imp\u00f4t foncier \u00e0 payer sera de <strong>500 CHF<\/strong> par an. Cela en fait un canton attractif par rapport \u00e0 d&rsquo;autres cantons comme Vaud, o\u00f9 le taux est plus \u00e9lev\u00e9 et fix\u00e9 \u00e0 1.5\u2030.<\/p>\t\t\t\t\t\t\t\t<\/div>\n\t\t\t\t<\/div>\n\t\t\t\t<div class=\"elementor-element elementor-element-32e7d75 elementor-widget elementor-widget-heading\" data-id=\"32e7d75\" data-element_type=\"widget\" data-e-type=\"widget\" data-widget_type=\"heading.default\">\n\t\t\t\t<div class=\"elementor-widget-container\">\n\t\t\t\t\t<h2 class=\"elementor-heading-title elementor-size-default\">Conclusion<\/h2>\t\t\t\t<\/div>\n\t\t\t\t<\/div>\n\t\t\t\t<div class=\"elementor-element elementor-element-78838bee elementor-widget elementor-widget-text-editor\" data-id=\"78838bee\" data-element_type=\"widget\" data-e-type=\"widget\" data-widget_type=\"text-editor.default\">\n\t\t\t\t<div class=\"elementor-widget-container\">\n\t\t\t\t\t\t\t\t\t<p>L&rsquo;imp\u00f4t foncier est une r\u00e9alit\u00e9 incontournable pour les propri\u00e9taires immobiliers dans le canton du Valais. Bien que son taux soit relativement faible compar\u00e9 \u00e0 d&rsquo;autres pays, il repr\u00e9sente n\u00e9anmoins une charge annuelle \u00e0 ne pas n\u00e9gliger.<\/p><p>Il est essentiel pour les propri\u00e9taires de bien comprendre son fonctionnement et de l&rsquo;int\u00e9grer dans leur planification financi\u00e8re.<\/p>\t\t\t\t\t\t\t\t<\/div>\n\t\t\t\t<\/div>\n\t\t\t\t<div class=\"elementor-element elementor-element-4f56ff36 elementor-widget elementor-widget-heading\" data-id=\"4f56ff36\" data-element_type=\"widget\" data-e-type=\"widget\" data-widget_type=\"heading.default\">\n\t\t\t\t<div class=\"elementor-widget-container\">\n\t\t\t\t\t<h2 class=\"elementor-heading-title elementor-size-default\">Questions fr\u00e9quentes<\/h2>\t\t\t\t<\/div>\n\t\t\t\t<\/div>\n\t\t\t\t<div class=\"elementor-element elementor-element-7a3e1142 elementor-widget elementor-widget-toggle\" data-id=\"7a3e1142\" data-element_type=\"widget\" data-e-type=\"widget\" data-widget_type=\"toggle.default\">\n\t\t\t\t<div class=\"elementor-widget-container\">\n\t\t\t\t\t\t\t<div class=\"elementor-toggle\">\n\t\t\t\t\t\t\t<div class=\"elementor-toggle-item\">\n\t\t\t\t\t<h3 id=\"elementor-tab-title-2051\" class=\"elementor-tab-title\" data-tab=\"1\" role=\"button\" aria-controls=\"elementor-tab-content-2051\" aria-expanded=\"false\">\n\t\t\t\t\t\t\t\t\t\t\t\t<span class=\"elementor-toggle-icon elementor-toggle-icon-right\" aria-hidden=\"true\">\n\t\t\t\t\t\t\t\t\t\t\t\t\t\t\t<span class=\"elementor-toggle-icon-closed\"><svg xmlns=\"http:\/\/www.w3.org\/2000\/svg\" id=\"a1e64e0c-4c41-4fca-8542-7a49c6092caa\" data-name=\"Layer 1\" width=\"16.9661\" height=\"16.9661\" viewBox=\"0 0 16.9661 16.9661\"><defs><style>.aed1427e-e5ff-4359-b373-334313c48315{fill:#1c2448;}<\/style><\/defs><path class=\"aed1427e-e5ff-4359-b373-334313c48315\" d=\"M8.8969,16.966V8.9071h8.0692V8.1012H8.8969V0H8.0693V8.1012H0v.8059H8.0693V16.966Z\" transform=\"translate(0 0.0001)\"><\/path><\/svg><\/span>\n\t\t\t\t\t\t\t\t<span class=\"elementor-toggle-icon-opened\"><svg xmlns=\"http:\/\/www.w3.org\/2000\/svg\" id=\"ef88faed-b140-41a0-9417-c1651f3bd4fc\" data-name=\"Layer 1\" width=\"13.785\" height=\"1.0074\" viewBox=\"0 0 13.785 1.0074\"><defs><style>.e3c7dd86-9752-467e-8574-885a4e9461bb{fill:#1c2448;}<\/style><\/defs><path class=\"e3c7dd86-9752-467e-8574-885a4e9461bb\" d=\"M13.785,1.0338V.0265H0V1.0338Z\" transform=\"translate(0 -0.0265)\"><\/path><\/svg><\/span>\n\t\t\t\t\t\t\t\t\t\t\t\t\t<\/span>\n\t\t\t\t\t\t\t\t\t\t\t\t<a class=\"elementor-toggle-title\" tabindex=\"0\"> Qu\u2019est-ce que l\u2019imp\u00f4t foncier dans le canton du Valais?<\/a>\n\t\t\t\t\t<\/h3>\n\n\t\t\t\t\t<div id=\"elementor-tab-content-2051\" class=\"elementor-tab-content elementor-clearfix\" data-tab=\"1\" role=\"region\" aria-labelledby=\"elementor-tab-title-2051\"><p>L\u2019imp\u00f4t foncier est un imp\u00f4t pr\u00e9lev\u00e9 chaque ann\u00e9e sur les biens immobiliers. Il doit \u00eatre pay\u00e9 par les propri\u00e9taires et, dans certains cas, par les usufruitiers.<\/p><\/div>\n\t\t\t\t<\/div>\n\t\t\t\t\t\t\t<div class=\"elementor-toggle-item\">\n\t\t\t\t\t<h3 id=\"elementor-tab-title-2052\" class=\"elementor-tab-title\" data-tab=\"2\" role=\"button\" aria-controls=\"elementor-tab-content-2052\" aria-expanded=\"false\">\n\t\t\t\t\t\t\t\t\t\t\t\t<span class=\"elementor-toggle-icon elementor-toggle-icon-right\" aria-hidden=\"true\">\n\t\t\t\t\t\t\t\t\t\t\t\t\t\t\t<span class=\"elementor-toggle-icon-closed\"><svg xmlns=\"http:\/\/www.w3.org\/2000\/svg\" id=\"a1e64e0c-4c41-4fca-8542-7a49c6092caa\" data-name=\"Layer 1\" width=\"16.9661\" height=\"16.9661\" viewBox=\"0 0 16.9661 16.9661\"><defs><style>.aed1427e-e5ff-4359-b373-334313c48315{fill:#1c2448;}<\/style><\/defs><path class=\"aed1427e-e5ff-4359-b373-334313c48315\" d=\"M8.8969,16.966V8.9071h8.0692V8.1012H8.8969V0H8.0693V8.1012H0v.8059H8.0693V16.966Z\" transform=\"translate(0 0.0001)\"><\/path><\/svg><\/span>\n\t\t\t\t\t\t\t\t<span class=\"elementor-toggle-icon-opened\"><svg xmlns=\"http:\/\/www.w3.org\/2000\/svg\" id=\"ef88faed-b140-41a0-9417-c1651f3bd4fc\" data-name=\"Layer 1\" width=\"13.785\" height=\"1.0074\" viewBox=\"0 0 13.785 1.0074\"><defs><style>.e3c7dd86-9752-467e-8574-885a4e9461bb{fill:#1c2448;}<\/style><\/defs><path class=\"e3c7dd86-9752-467e-8574-885a4e9461bb\" d=\"M13.785,1.0338V.0265H0V1.0338Z\" transform=\"translate(0 -0.0265)\"><\/path><\/svg><\/span>\n\t\t\t\t\t\t\t\t\t\t\t\t\t<\/span>\n\t\t\t\t\t\t\t\t\t\t\t\t<a class=\"elementor-toggle-title\" tabindex=\"0\">L\u2019imp\u00f4t foncier est-il un imp\u00f4t f\u00e9d\u00e9ral ?<\/a>\n\t\t\t\t\t<\/h3>\n\n\t\t\t\t\t<div id=\"elementor-tab-content-2052\" class=\"elementor-tab-content elementor-clearfix\" data-tab=\"2\" role=\"region\" aria-labelledby=\"elementor-tab-title-2052\"><p>Non, il s\u2019agit d\u2019un imp\u00f4t communal et\/ou cantonal, et il est facultatif. Certains cantons, comme Zurich, Schwyz ou B\u00e2le-Campagne, ne le pr\u00e9l\u00e8vent pas.<\/p><\/div>\n\t\t\t\t<\/div>\n\t\t\t\t\t\t\t<div class=\"elementor-toggle-item\">\n\t\t\t\t\t<h3 id=\"elementor-tab-title-2053\" class=\"elementor-tab-title\" data-tab=\"3\" role=\"button\" aria-controls=\"elementor-tab-content-2053\" aria-expanded=\"false\">\n\t\t\t\t\t\t\t\t\t\t\t\t<span class=\"elementor-toggle-icon elementor-toggle-icon-right\" aria-hidden=\"true\">\n\t\t\t\t\t\t\t\t\t\t\t\t\t\t\t<span class=\"elementor-toggle-icon-closed\"><svg xmlns=\"http:\/\/www.w3.org\/2000\/svg\" id=\"a1e64e0c-4c41-4fca-8542-7a49c6092caa\" data-name=\"Layer 1\" width=\"16.9661\" height=\"16.9661\" viewBox=\"0 0 16.9661 16.9661\"><defs><style>.aed1427e-e5ff-4359-b373-334313c48315{fill:#1c2448;}<\/style><\/defs><path class=\"aed1427e-e5ff-4359-b373-334313c48315\" d=\"M8.8969,16.966V8.9071h8.0692V8.1012H8.8969V0H8.0693V8.1012H0v.8059H8.0693V16.966Z\" transform=\"translate(0 0.0001)\"><\/path><\/svg><\/span>\n\t\t\t\t\t\t\t\t<span class=\"elementor-toggle-icon-opened\"><svg xmlns=\"http:\/\/www.w3.org\/2000\/svg\" id=\"ef88faed-b140-41a0-9417-c1651f3bd4fc\" data-name=\"Layer 1\" width=\"13.785\" height=\"1.0074\" viewBox=\"0 0 13.785 1.0074\"><defs><style>.e3c7dd86-9752-467e-8574-885a4e9461bb{fill:#1c2448;}<\/style><\/defs><path class=\"e3c7dd86-9752-467e-8574-885a4e9461bb\" d=\"M13.785,1.0338V.0265H0V1.0338Z\" transform=\"translate(0 -0.0265)\"><\/path><\/svg><\/span>\n\t\t\t\t\t\t\t\t\t\t\t\t\t<\/span>\n\t\t\t\t\t\t\t\t\t\t\t\t<a class=\"elementor-toggle-title\" tabindex=\"0\">L\u2019imp\u00f4t foncier prend-il en compte la situation financi\u00e8re du propri\u00e9taire ?<\/a>\n\t\t\t\t\t<\/h3>\n\n\t\t\t\t\t<div id=\"elementor-tab-content-2053\" class=\"elementor-tab-content elementor-clearfix\" data-tab=\"3\" role=\"region\" aria-labelledby=\"elementor-tab-title-2053\"><p>Non, c\u2019est un imp\u00f4t <strong>r\u00e9el<\/strong>, ce qui signifie qu\u2019il est bas\u00e9 uniquement sur la valeur de l\u2019immeuble, sans tenir compte des revenus ou de la fortune du propri\u00e9taire.<\/p><\/div>\n\t\t\t\t<\/div>\n\t\t\t\t\t\t\t<div class=\"elementor-toggle-item\">\n\t\t\t\t\t<h3 id=\"elementor-tab-title-2054\" class=\"elementor-tab-title\" data-tab=\"4\" role=\"button\" aria-controls=\"elementor-tab-content-2054\" aria-expanded=\"false\">\n\t\t\t\t\t\t\t\t\t\t\t\t<span class=\"elementor-toggle-icon elementor-toggle-icon-right\" aria-hidden=\"true\">\n\t\t\t\t\t\t\t\t\t\t\t\t\t\t\t<span class=\"elementor-toggle-icon-closed\"><svg xmlns=\"http:\/\/www.w3.org\/2000\/svg\" id=\"a1e64e0c-4c41-4fca-8542-7a49c6092caa\" data-name=\"Layer 1\" width=\"16.9661\" height=\"16.9661\" viewBox=\"0 0 16.9661 16.9661\"><defs><style>.aed1427e-e5ff-4359-b373-334313c48315{fill:#1c2448;}<\/style><\/defs><path class=\"aed1427e-e5ff-4359-b373-334313c48315\" d=\"M8.8969,16.966V8.9071h8.0692V8.1012H8.8969V0H8.0693V8.1012H0v.8059H8.0693V16.966Z\" transform=\"translate(0 0.0001)\"><\/path><\/svg><\/span>\n\t\t\t\t\t\t\t\t<span class=\"elementor-toggle-icon-opened\"><svg xmlns=\"http:\/\/www.w3.org\/2000\/svg\" id=\"ef88faed-b140-41a0-9417-c1651f3bd4fc\" data-name=\"Layer 1\" width=\"13.785\" height=\"1.0074\" viewBox=\"0 0 13.785 1.0074\"><defs><style>.e3c7dd86-9752-467e-8574-885a4e9461bb{fill:#1c2448;}<\/style><\/defs><path class=\"e3c7dd86-9752-467e-8574-885a4e9461bb\" d=\"M13.785,1.0338V.0265H0V1.0338Z\" transform=\"translate(0 -0.0265)\"><\/path><\/svg><\/span>\n\t\t\t\t\t\t\t\t\t\t\t\t\t<\/span>\n\t\t\t\t\t\t\t\t\t\t\t\t<a class=\"elementor-toggle-title\" tabindex=\"0\"> Quel taux est appliqu\u00e9 pour l'imp\u00f4t foncier dans le canton du Valais?<\/a>\n\t\t\t\t\t<\/h3>\n\n\t\t\t\t\t<div id=\"elementor-tab-content-2054\" class=\"elementor-tab-content elementor-clearfix\" data-tab=\"4\" role=\"region\" aria-labelledby=\"elementor-tab-title-2054\"><p>Le taux d&rsquo;imposition dans le canton du Valais est de 0.1% (1\u2030) de la valeur du bien. Il se calcule alors comme suit:<\/p><p><strong><span class=\"\">Estimation fiscale x 1 \/ 1000 = Montant de l&rsquo;imp\u00f4t foncier<\/span><\/strong><\/p><\/div>\n\t\t\t\t<\/div>\n\t\t\t\t\t\t\t\t\t\t<script type=\"application\/ld+json\">{\"@context\":\"https:\\\/\\\/schema.org\",\"@type\":\"FAQPage\",\"mainEntity\":[{\"@type\":\"Question\",\"name\":\"Qu\\u2019est-ce que l\\u2019imp\\u00f4t foncier dans le canton du Valais?\",\"acceptedAnswer\":{\"@type\":\"Answer\",\"text\":\"<p>L\\u2019imp\\u00f4t foncier est un imp\\u00f4t pr\\u00e9lev\\u00e9 chaque ann\\u00e9e sur les biens immobiliers. Il doit \\u00eatre pay\\u00e9 par les propri\\u00e9taires et, dans certains cas, par les usufruitiers.<\\\/p>\"}},{\"@type\":\"Question\",\"name\":\"L\\u2019imp\\u00f4t foncier est-il un imp\\u00f4t f\\u00e9d\\u00e9ral ?\",\"acceptedAnswer\":{\"@type\":\"Answer\",\"text\":\"<p>Non, il s\\u2019agit d\\u2019un imp\\u00f4t communal et\\\/ou cantonal, et il est facultatif. Certains cantons, comme Zurich, Schwyz ou B\\u00e2le-Campagne, ne le pr\\u00e9l\\u00e8vent pas.<\\\/p>\"}},{\"@type\":\"Question\",\"name\":\"L\\u2019imp\\u00f4t foncier prend-il en compte la situation financi\\u00e8re du propri\\u00e9taire ?\",\"acceptedAnswer\":{\"@type\":\"Answer\",\"text\":\"<p>Non, c\\u2019est un imp\\u00f4t <strong>r\\u00e9el<\\\/strong>, ce qui signifie qu\\u2019il est bas\\u00e9 uniquement sur la valeur de l\\u2019immeuble, sans tenir compte des revenus ou de la fortune du propri\\u00e9taire.<\\\/p>\"}},{\"@type\":\"Question\",\"name\":\"Quel taux est appliqu\\u00e9 pour l'imp\\u00f4t foncier dans le canton du Valais?\",\"acceptedAnswer\":{\"@type\":\"Answer\",\"text\":\"<p>Le taux d&rsquo;imposition dans le canton du Valais est de 0.1% (1\\u2030) de la valeur du bien. Il se calcule alors comme suit:<\\\/p><p><strong><span class=\\\"\\\">Estimation fiscale x 1 \\\/ 1000 = Montant de l&rsquo;imp\\u00f4t foncier<\\\/span><\\\/strong><\\\/p>\"}}]}<\/script>\n\t\t\t\t\t<\/div>\n\t\t\t\t\t\t<\/div>\n\t\t\t\t<\/div>\n\t\t\t\t\t<\/div>\n\t\t<\/div>\n\t\t\t\t\t<\/div>\n\t\t<\/section>\n\t\t\t\t<\/div>\n\t\t","protected":false},"excerpt":{"rendered":"<p>L&rsquo;imp\u00f4t foncier est une taxe annuelle importante pour la plupart des propri\u00e9taires immobiliers en Valais. Dans cet article, nous vous partageons les informations essentielles \u00e0 conna\u00eetre sur cet imp\u00f4t.<\/p>","protected":false},"author":1,"featured_media":34741,"comment_status":"open","ping_status":"open","sticky":false,"template":"","format":"standard","meta":{"_et_pb_use_builder":"","_et_pb_old_content":"","_et_gb_content_width":"","content-type":"","footnotes":""},"categories":[54],"tags":[],"class_list":["post-34615","post","type-post","status-publish","format-standard","has-post-thumbnail","hentry","category-fiscalite"],"_links":{"self":[{"href":"https:\/\/www.tax-services.ch\/es\/wp-json\/wp\/v2\/posts\/34615","targetHints":{"allow":["GET"]}}],"collection":[{"href":"https:\/\/www.tax-services.ch\/es\/wp-json\/wp\/v2\/posts"}],"about":[{"href":"https:\/\/www.tax-services.ch\/es\/wp-json\/wp\/v2\/types\/post"}],"author":[{"embeddable":true,"href":"https:\/\/www.tax-services.ch\/es\/wp-json\/wp\/v2\/users\/1"}],"replies":[{"embeddable":true,"href":"https:\/\/www.tax-services.ch\/es\/wp-json\/wp\/v2\/comments?post=34615"}],"version-history":[{"count":22,"href":"https:\/\/www.tax-services.ch\/es\/wp-json\/wp\/v2\/posts\/34615\/revisions"}],"predecessor-version":[{"id":34753,"href":"https:\/\/www.tax-services.ch\/es\/wp-json\/wp\/v2\/posts\/34615\/revisions\/34753"}],"wp:featuredmedia":[{"embeddable":true,"href":"https:\/\/www.tax-services.ch\/es\/wp-json\/wp\/v2\/media\/34741"}],"wp:attachment":[{"href":"https:\/\/www.tax-services.ch\/es\/wp-json\/wp\/v2\/media?parent=34615"}],"wp:term":[{"taxonomy":"category","embeddable":true,"href":"https:\/\/www.tax-services.ch\/es\/wp-json\/wp\/v2\/categories?post=34615"},{"taxonomy":"post_tag","embeddable":true,"href":"https:\/\/www.tax-services.ch\/es\/wp-json\/wp\/v2\/tags?post=34615"}],"curies":[{"name":"wp","href":"https:\/\/api.w.org\/{rel}","templated":true}]}}