{"id":32195,"date":"2023-11-06T13:55:42","date_gmt":"2023-11-06T12:55:42","guid":{"rendered":"https:\/\/www.tax-services.ch\/?p=32195"},"modified":"2024-09-24T13:35:08","modified_gmt":"2024-09-24T11:35:08","slug":"vat-concordance","status":"publish","type":"post","link":"https:\/\/www.tax-services.ch\/en\/vat-concordance\/","title":{"rendered":"VAT Reconciliation: How Does it Work?"},"content":{"rendered":"\t\t<div data-elementor-type=\"wp-post\" data-elementor-id=\"32195\" class=\"elementor elementor-32195\" data-elementor-post-type=\"post\">\n\t\t\t\t\t\t<section class=\"elementor-section elementor-top-section elementor-element elementor-element-241465e elementor-section-full_width elementor-section-height-default elementor-section-height-default\" data-id=\"241465e\" data-element_type=\"section\" data-e-type=\"section\">\n\t\t\t\t\t\t<div class=\"elementor-container elementor-column-gap-default\">\n\t\t\t\t\t<div class=\"elementor-column elementor-col-100 elementor-top-column elementor-element elementor-element-11926fe\" data-id=\"11926fe\" data-element_type=\"column\" data-e-type=\"column\">\n\t\t\t<div class=\"elementor-widget-wrap elementor-element-populated\">\n\t\t\t\t\t\t<div class=\"elementor-element elementor-element-0db45a9 elementor-widget elementor-widget-heading\" data-id=\"0db45a9\" data-element_type=\"widget\" data-e-type=\"widget\" data-widget_type=\"heading.default\">\n\t\t\t\t<div class=\"elementor-widget-container\">\n\t\t\t\t\t<h2 class=\"elementor-heading-title elementor-size-default\">Concordance annuelle TVA : Qu\u2019est-ce que c\u2019est ?<\/h2>\t\t\t\t<\/div>\n\t\t\t\t<\/div>\n\t\t\t\t<div class=\"elementor-element elementor-element-d168795 elementor-widget elementor-widget-text-editor\" data-id=\"d168795\" data-element_type=\"widget\" data-e-type=\"widget\" data-widget_type=\"text-editor.default\">\n\t\t\t\t<div class=\"elementor-widget-container\">\n\t\t\t\t\t\t\t\t\t<p>La concordance <strong><a href=\"https:\/\/www.tax-services.ch\/tva-suisse-lessentiel\/\">TVA en Suisse<\/a><\/strong> est une obligation l\u00e9gale pour les assujettis \u00e0 la TVA. Elle consiste \u00e0 v\u00e9rifier l\u2019exactitude des d\u00e9comptes TVA p\u00e9riodiques d\u00e9clar\u00e9s par l\u2019assujetti.<\/p><p>L\u2019objectif est de s\u2019assurer que les d\u00e9comptes TVA d\u00e9pos\u00e9s sont corrects et d\u2019\u00e9viter d\u2019\u00e9ventuelles sanctions. Si des erreurs sont constat\u00e9es lors de l\u2019\u00e9tablissement de la concordance, elles doivent \u00eatre d\u00e9clar\u00e9es exclusivement dans le formulaire \u00ab\u00a0Concordance annuelle (d\u00e9compte rectificatif conform\u00e9ment \u00e0 l\u2019<a href=\"https:\/\/www.fedlex.admin.ch\/eli\/cc\/2009\/615\/fr#art_72\" target=\"_blank\" rel=\"noopener\">art. 72 LTVA<\/a>)\u00a0\u00bb. Les d\u00e9comptes remis pour la p\u00e9riode fiscale ant\u00e9rieure sont alors compl\u00e9t\u00e9s et corrig\u00e9s.<\/p>\t\t\t\t\t\t\t\t<\/div>\n\t\t\t\t<\/div>\n\t\t\t\t<div class=\"elementor-element elementor-element-5a877f0 elementor-widget elementor-widget-heading\" data-id=\"5a877f0\" data-element_type=\"widget\" data-e-type=\"widget\" data-widget_type=\"heading.default\">\n\t\t\t\t<div class=\"elementor-widget-container\">\n\t\t\t\t\t<h2 class=\"elementor-heading-title elementor-size-default\">Comment faire une concordance TVA : \u00e9tape par \u00e9tape<\/h2>\t\t\t\t<\/div>\n\t\t\t\t<\/div>\n\t\t\t\t<div class=\"elementor-element elementor-element-84686cd elementor-widget elementor-widget-heading\" data-id=\"84686cd\" data-element_type=\"widget\" data-e-type=\"widget\" data-widget_type=\"heading.default\">\n\t\t\t\t<div class=\"elementor-widget-container\">\n\t\t\t\t\t<h3 class=\"elementor-heading-title elementor-size-default\">1. Finalisez votre comptabilit\u00e9<\/h3>\t\t\t\t<\/div>\n\t\t\t\t<\/div>\n\t\t\t\t<div class=\"elementor-element elementor-element-1d142c5 elementor-widget elementor-widget-text-editor\" data-id=\"1d142c5\" data-element_type=\"widget\" data-e-type=\"widget\" data-widget_type=\"text-editor.default\">\n\t\t\t\t<div class=\"elementor-widget-container\">\n\t\t\t\t\t\t\t\t\t<p>Avant de penser \u00e0 \u00e9tablir un d\u00e9compte rectificatif et de le soumettre \u00e0 la TVA. Il est important que votre comptabilit\u00e9 soit finalis\u00e9e. Dans cette premi\u00e8re \u00e9tape, il va falloir s\u2019assurer que tous les paiements et encaissements ont bien \u00e9t\u00e9 r\u00e9concili\u00e9s, mais \u00e9galement que toutes les factures d\u2019achats non encore r\u00e9gl\u00e9es et de ventes non encore encaiss\u00e9es ont bien \u00e9t\u00e9 comptabilis\u00e9es.<\/p><p>L\u2019importance des transitoires est d\u2019autant plus importante si vous d\u00e9comptez selon la m\u00e9thode \u00ab\u00a0au convenu\u00a0\u00bb, selon cette m\u00e9thode, l\u2019assujetti peut r\u00e9cup\u00e9rer la TVA sur ces achats d\u00e8s la r\u00e9ception de la facture et doit payer la TVA au moment de l\u2019\u00e9mission d\u2019une facture de vente.<\/p><p>Il convient d\u2019\u00e9galement faire attention aux <a href=\"https:\/\/www.tax-services.ch\/fr\/part-privee-vehicule\/#elementor-toc__heading-anchor-7\">parts priv\u00e9es<\/a>, \u00e0 <a href=\"https:\/\/www.tax-services.ch\/fr\/tva-suisse-lessentiel\/#elementor-toc__heading-anchor-7\" data-wplink-edit=\"true\">l\u2019imp\u00f4t sur les acquisitions<\/a>.<\/p>\t\t\t\t\t\t\t\t<\/div>\n\t\t\t\t<\/div>\n\t\t\t\t<div class=\"elementor-element elementor-element-9894f80 elementor-widget elementor-widget-heading\" data-id=\"9894f80\" data-element_type=\"widget\" data-e-type=\"widget\" data-widget_type=\"heading.default\">\n\t\t\t\t<div class=\"elementor-widget-container\">\n\t\t\t\t\t<h3 class=\"elementor-heading-title elementor-size-default\">2. Comparez <\/h3>\t\t\t\t<\/div>\n\t\t\t\t<\/div>\n\t\t\t\t<div class=\"elementor-element elementor-element-dacfb2b elementor-widget elementor-widget-text-editor\" data-id=\"dacfb2b\" data-element_type=\"widget\" data-e-type=\"widget\" data-widget_type=\"text-editor.default\">\n\t\t\t\t<div class=\"elementor-widget-container\">\n\t\t\t\t\t\t\t\t\t<p>Une fois votre comptabilit\u00e9 finie, il faudra comparer les d\u00e9comptes trimestriels ou semestriels que vous avez d\u00e9clarer tout au long de l\u2019ann\u00e9e avec ce que vous avez en comptabilit\u00e9 <strong>apr\u00e8s tous les \u00e9ventuels ajustements<\/strong>.<\/p><p>Pour faire cet exercice correctement, il suffit de <strong>reproduire les d\u00e9comptes TVA<\/strong> sur la base de la comptabilit\u00e9 \u00ab\u00a0<strong>finie\u00a0<\/strong>\u00bb.<\/p><p>Vous pouvez ensuite pr\u00e9parer un document Excel et inscrire les montant inscrits dans les d\u00e9comptes d\u00e9clar\u00e9s et les comparer avec les montants obtenus.<\/p><p>En cas de<strong> contr\u00f4le TVA<\/strong>, le contr\u00f4leur pourra demander \u00e0 voir le document de rapprochement.<\/p><p>Les diff\u00e9rences obtenues sont \u00e0 d\u00e9clarer.<\/p>\t\t\t\t\t\t\t\t<\/div>\n\t\t\t\t<\/div>\n\t\t\t\t<div class=\"elementor-element elementor-element-6cbee45 elementor-widget elementor-widget-heading\" data-id=\"6cbee45\" data-element_type=\"widget\" data-e-type=\"widget\" data-widget_type=\"heading.default\">\n\t\t\t\t<div class=\"elementor-widget-container\">\n\t\t\t\t\t<h3 class=\"elementor-heading-title elementor-size-default\">3. Remplissez le d\u00e9compte rectificatif<\/h3>\t\t\t\t<\/div>\n\t\t\t\t<\/div>\n\t\t\t\t<div class=\"elementor-element elementor-element-f4520a8 elementor-widget elementor-widget-text-editor\" data-id=\"f4520a8\" data-element_type=\"widget\" data-e-type=\"widget\" data-widget_type=\"text-editor.default\">\n\t\t\t\t<div class=\"elementor-widget-container\">\n\t\t\t\t\t\t\t\t\t<p>Une fois cette comparaison faite entre ce qui a \u00e9t\u00e9 d\u00e9clar\u00e9 et ce qui a effectivement \u00e9t\u00e9 r\u00e9alis\u00e9. Vous pourrez remplir le formulaire mis \u00e0 disposition par l\u2019administration f\u00e9d\u00e9rale.<\/p><p>Attention, selon la m\u00e9thode \u00e0 laquelle vous d\u00e9comptez la TVA le formulaire ne sera pas le m\u00eame.<\/p><p>Formulaire concordance TVA m\u00e9thode \u00ab\u00a0<strong>effective<\/strong>\u00a0\u00bb : Formulaire 550<\/p><p>Formulaire concordance TVA m\u00e9thode \u00ab\u00a0<strong>taux de la dette fiscale nette<\/strong>\u00a0\u00bb ou \u00ab\u00a0<strong>taux forfaitaires<\/strong>\u00a0\u00bb : Formulaire 553<\/p>\t\t\t\t\t\t\t\t<\/div>\n\t\t\t\t<\/div>\n\t\t\t\t<div class=\"elementor-element elementor-element-9185ca4 elementor-widget elementor-widget-heading\" data-id=\"9185ca4\" data-element_type=\"widget\" data-e-type=\"widget\" data-widget_type=\"heading.default\">\n\t\t\t\t<div class=\"elementor-widget-container\">\n\t\t\t\t\t<h3 class=\"elementor-heading-title elementor-size-default\">4. D\u00e9lai pour soumission du d\u00e9compte rectificatif (5\u00e8me d\u00e9compte)<\/h3>\t\t\t\t<\/div>\n\t\t\t\t<\/div>\n\t\t\t\t<div class=\"elementor-element elementor-element-2d93476 elementor-widget elementor-widget-text-editor\" data-id=\"2d93476\" data-element_type=\"widget\" data-e-type=\"widget\" data-widget_type=\"text-editor.default\">\n\t\t\t\t<div class=\"elementor-widget-container\">\n\t\t\t\t\t\t\t\t\t<p>L\u2019assujetti \u00e0 jusqu\u2019au <strong>180<sup>\u00e8me<\/sup> jour<\/strong> pour faire parvenir le d\u00e9compte rectificatif \u00e0 l\u2019administration f\u00e9d\u00e9rale des contributions.<\/p><p>Au-del\u00e0 de ce d\u00e9lai l\u2019administration part du principe que les d\u00e9comptes TVA remis par l\u2019assujetti sont complets et corrects et que la p\u00e9riode fiscale est finalis\u00e9e.<\/p>\t\t\t\t\t\t\t\t<\/div>\n\t\t\t\t<\/div>\n\t\t\t\t<div class=\"elementor-element elementor-element-7f4b8fc elementor-widget elementor-widget-heading\" data-id=\"7f4b8fc\" data-element_type=\"widget\" data-e-type=\"widget\" data-widget_type=\"heading.default\">\n\t\t\t\t<div class=\"elementor-widget-container\">\n\t\t\t\t\t<h2 class=\"elementor-heading-title elementor-size-default\">Cons\u00e9quences d'une d\u00e9claration inexacte<\/h2>\t\t\t\t<\/div>\n\t\t\t\t<\/div>\n\t\t\t\t<div class=\"elementor-element elementor-element-030e3cf elementor-widget elementor-widget-heading\" data-id=\"030e3cf\" data-element_type=\"widget\" data-e-type=\"widget\" data-widget_type=\"heading.default\">\n\t\t\t\t<div class=\"elementor-widget-container\">\n\t\t\t\t\t<h3 class=\"elementor-heading-title elementor-size-default\">P\u00e9nalit\u00e9s et int\u00e9r\u00eats moratoires<\/h3>\t\t\t\t<\/div>\n\t\t\t\t<\/div>\n\t\t\t\t<div class=\"elementor-element elementor-element-10356d3 elementor-widget elementor-widget-text-editor\" data-id=\"10356d3\" data-element_type=\"widget\" data-e-type=\"widget\" data-widget_type=\"text-editor.default\">\n\t\t\t\t<div class=\"elementor-widget-container\">\n\t\t\t\t\t\t\t\t\t<p>Une d\u00e9claration inexacte \u00e0 la TVA ainsi que des erreurs dans la perception de l\u2019imp\u00f4t est dans un premier temps corrig\u00e9e ce qui implique le paiement suppl\u00e9mentaire d\u2019imp\u00f4t qui n\u2019a pas \u00e9t\u00e9 per\u00e7u.<\/p><p>Cela arrive quand <strong>par exemple<\/strong>, le destinataire de la facture est \u00e0 l\u2019\u00e9tranger mais que la prestation est r\u00e9alis\u00e9e sur territoire Suisse, certains peuvent \u00eatre tent\u00e9s de d\u00e9clarer cette vente comme une \u00ab exportation de services\u00bb en utilisant le principe du lieu du destinataire pour ne pas facturer la TVA. Mais ce raisonnement est faux.<\/p><p>La concordance est un moyen d\u2019<strong>\u00e9viter la continuit\u00e9 des erreurs dans le temps<\/strong>, l\u2019oubli ou la non-mise en place d\u2019un contr\u00f4le de la concordance TVA peut entra\u00eener des cons\u00e9quences financi\u00e8res importantes. En effet, le non-respect de la concordance annuelle TVA ainsi que des erreurs \u00e0 r\u00e9p\u00e9tition sur de nombreuses ann\u00e9es peut \u00eatre passible d\u2019une <strong>amende<\/strong>.<\/p><p>Si une concordance est effectu\u00e9e et qu\u2019elle r\u00e9sulte en un paiement suppl\u00e9mentaire en faveur de l\u2019administration f\u00e9d\u00e9rale, <strong>un int\u00e9r\u00eat moratoire sera d\u00fb<\/strong>. Les int\u00e9r\u00eats commencent \u00e0 courir d\u00e8s le d\u00e9but de l\u2019ann\u00e9e suivante. Encore une fois, si aucune concordance n\u2019a \u00e9t\u00e9 effectu\u00e9 l\u2019int\u00e9r\u00eat sera calcul\u00e9 depuis l\u2019ann\u00e9e o\u00f9 l\u2019erreur a \u00e9t\u00e9 effectu\u00e9.<\/p>\t\t\t\t\t\t\t\t<\/div>\n\t\t\t\t<\/div>\n\t\t\t\t<div class=\"elementor-element elementor-element-98797bf elementor-widget elementor-widget-heading\" data-id=\"98797bf\" data-element_type=\"widget\" data-e-type=\"widget\" data-widget_type=\"heading.default\">\n\t\t\t\t<div class=\"elementor-widget-container\">\n\t\t\t\t\t<h4 class=\"elementor-heading-title elementor-size-default\">Conclusion<\/h4>\t\t\t\t<\/div>\n\t\t\t\t<\/div>\n\t\t\t\t<div class=\"elementor-element elementor-element-464338f elementor-widget elementor-widget-text-editor\" data-id=\"464338f\" data-element_type=\"widget\" data-e-type=\"widget\" data-widget_type=\"text-editor.default\">\n\t\t\t\t<div class=\"elementor-widget-container\">\n\t\t\t\t\t\t\t\t\t<p>La TVA peut para\u00eetre simple, cependant, certaines situations ou op\u00e9rations \u00e9conomiques peuvent parfois d\u00e9passer nos connaissances et l\u2019intervention d\u2019un sp\u00e9cialiste est n\u00e9cessaire.<\/p><p>La concordance fait parti des nombreuses obligations fiscales \u00e0 la quelle les entrepreneurs doivent accomplir.<\/p><p>Notre \u00e9quipe de comptables et fiscalistes est \u00e0 votre disposition pour vous conseiller proactivement, afin d\u2019\u00e9viter toutes p\u00e9nalit\u00e9s.<\/p>\t\t\t\t\t\t\t\t<\/div>\n\t\t\t\t<\/div>\n\t\t\t\t<div class=\"elementor-element elementor-element-d426363 elementor-widget elementor-widget-heading\" data-id=\"d426363\" data-element_type=\"widget\" data-e-type=\"widget\" data-widget_type=\"heading.default\">\n\t\t\t\t<div class=\"elementor-widget-container\">\n\t\t\t\t\t<h2 class=\"elementor-heading-title elementor-size-default\">FAQ - Concordance TVA<\/h2>\t\t\t\t<\/div>\n\t\t\t\t<\/div>\n\t\t\t\t<div class=\"elementor-element elementor-element-269f710 elementor-widget elementor-widget-toggle\" data-id=\"269f710\" data-element_type=\"widget\" data-e-type=\"widget\" data-widget_type=\"toggle.default\">\n\t\t\t\t<div class=\"elementor-widget-container\">\n\t\t\t\t\t\t\t<div class=\"elementor-toggle\">\n\t\t\t\t\t\t\t<div class=\"elementor-toggle-item\">\n\t\t\t\t\t<div id=\"elementor-tab-title-4041\" class=\"elementor-tab-title\" data-tab=\"1\" role=\"button\" aria-controls=\"elementor-tab-content-4041\" aria-expanded=\"false\">\n\t\t\t\t\t\t\t\t\t\t\t\t<span class=\"elementor-toggle-icon elementor-toggle-icon-right\" aria-hidden=\"true\">\n\t\t\t\t\t\t\t\t\t\t\t\t\t\t\t<span class=\"elementor-toggle-icon-closed\"><svg xmlns=\"http:\/\/www.w3.org\/2000\/svg\" id=\"a1e64e0c-4c41-4fca-8542-7a49c6092caa\" data-name=\"Layer 1\" width=\"16.9661\" height=\"16.9661\" viewBox=\"0 0 16.9661 16.9661\"><defs><style>.aed1427e-e5ff-4359-b373-334313c48315{fill:#1c2448;}<\/style><\/defs><path class=\"aed1427e-e5ff-4359-b373-334313c48315\" d=\"M8.8969,16.966V8.9071h8.0692V8.1012H8.8969V0H8.0693V8.1012H0v.8059H8.0693V16.966Z\" transform=\"translate(0 0.0001)\"><\/path><\/svg><\/span>\n\t\t\t\t\t\t\t\t<span class=\"elementor-toggle-icon-opened\"><svg xmlns=\"http:\/\/www.w3.org\/2000\/svg\" id=\"ef88faed-b140-41a0-9417-c1651f3bd4fc\" data-name=\"Layer 1\" width=\"13.785\" height=\"1.0074\" viewBox=\"0 0 13.785 1.0074\"><defs><style>.e3c7dd86-9752-467e-8574-885a4e9461bb{fill:#1c2448;}<\/style><\/defs><path class=\"e3c7dd86-9752-467e-8574-885a4e9461bb\" d=\"M13.785,1.0338V.0265H0V1.0338Z\" transform=\"translate(0 -0.0265)\"><\/path><\/svg><\/span>\n\t\t\t\t\t\t\t\t\t\t\t\t\t<\/span>\n\t\t\t\t\t\t\t\t\t\t\t\t<a class=\"elementor-toggle-title\" tabindex=\"0\">Qu'est-ce que la concordance TVA en Suisse ?<\/a>\n\t\t\t\t\t<\/div>\n\n\t\t\t\t\t<div id=\"elementor-tab-content-4041\" class=\"elementor-tab-content elementor-clearfix\" data-tab=\"1\" role=\"region\" aria-labelledby=\"elementor-tab-title-4041\"><p>La concordance TVA en Suisse est une obligation l\u00e9gale qui implique que le contribuable v\u00e9rifie l\u2019exactitude des \u00e9l\u00e9ments d\u00e9clar\u00e9s tout au long de l\u2019ann\u00e9e dans ses d\u00e9comptes, une fois l\u2019ann\u00e9e \u00e9coul\u00e9e.<\/p><\/div>\n\t\t\t\t<\/div>\n\t\t\t\t\t\t\t<div class=\"elementor-toggle-item\">\n\t\t\t\t\t<div id=\"elementor-tab-title-4042\" class=\"elementor-tab-title\" data-tab=\"2\" role=\"button\" aria-controls=\"elementor-tab-content-4042\" aria-expanded=\"false\">\n\t\t\t\t\t\t\t\t\t\t\t\t<span class=\"elementor-toggle-icon elementor-toggle-icon-right\" aria-hidden=\"true\">\n\t\t\t\t\t\t\t\t\t\t\t\t\t\t\t<span class=\"elementor-toggle-icon-closed\"><svg xmlns=\"http:\/\/www.w3.org\/2000\/svg\" id=\"a1e64e0c-4c41-4fca-8542-7a49c6092caa\" data-name=\"Layer 1\" width=\"16.9661\" height=\"16.9661\" viewBox=\"0 0 16.9661 16.9661\"><defs><style>.aed1427e-e5ff-4359-b373-334313c48315{fill:#1c2448;}<\/style><\/defs><path class=\"aed1427e-e5ff-4359-b373-334313c48315\" d=\"M8.8969,16.966V8.9071h8.0692V8.1012H8.8969V0H8.0693V8.1012H0v.8059H8.0693V16.966Z\" transform=\"translate(0 0.0001)\"><\/path><\/svg><\/span>\n\t\t\t\t\t\t\t\t<span class=\"elementor-toggle-icon-opened\"><svg xmlns=\"http:\/\/www.w3.org\/2000\/svg\" id=\"ef88faed-b140-41a0-9417-c1651f3bd4fc\" data-name=\"Layer 1\" width=\"13.785\" height=\"1.0074\" viewBox=\"0 0 13.785 1.0074\"><defs><style>.e3c7dd86-9752-467e-8574-885a4e9461bb{fill:#1c2448;}<\/style><\/defs><path class=\"e3c7dd86-9752-467e-8574-885a4e9461bb\" d=\"M13.785,1.0338V.0265H0V1.0338Z\" transform=\"translate(0 -0.0265)\"><\/path><\/svg><\/span>\n\t\t\t\t\t\t\t\t\t\t\t\t\t<\/span>\n\t\t\t\t\t\t\t\t\t\t\t\t<a class=\"elementor-toggle-title\" tabindex=\"0\">Quels \u00e9l\u00e9ments doivent \u00eatre inclus dans les travaux de concordance ?<\/a>\n\t\t\t\t\t<\/div>\n\n\t\t\t\t\t<div id=\"elementor-tab-content-4042\" class=\"elementor-tab-content elementor-clearfix\" data-tab=\"2\" role=\"region\" aria-labelledby=\"elementor-tab-title-4042\"><p>Les travaux de concordance doivent inclure tous le chiffres d&rsquo;affaires, qu&rsquo;ils soient imposables ou non, les produits sans incidence en mati\u00e8re de TVA et l\u2019imp\u00f4t pr\u00e9alable. Ils doivent justifier le traitement TVA et la bonne d\u00e9claration des \u00e9l\u00e9ments pour l&rsquo;ann\u00e9e fiscale enti\u00e8re.<\/p><\/div>\n\t\t\t\t<\/div>\n\t\t\t\t\t\t\t<div class=\"elementor-toggle-item\">\n\t\t\t\t\t<div id=\"elementor-tab-title-4043\" class=\"elementor-tab-title\" data-tab=\"3\" role=\"button\" aria-controls=\"elementor-tab-content-4043\" aria-expanded=\"false\">\n\t\t\t\t\t\t\t\t\t\t\t\t<span class=\"elementor-toggle-icon elementor-toggle-icon-right\" aria-hidden=\"true\">\n\t\t\t\t\t\t\t\t\t\t\t\t\t\t\t<span class=\"elementor-toggle-icon-closed\"><svg xmlns=\"http:\/\/www.w3.org\/2000\/svg\" id=\"a1e64e0c-4c41-4fca-8542-7a49c6092caa\" data-name=\"Layer 1\" width=\"16.9661\" height=\"16.9661\" viewBox=\"0 0 16.9661 16.9661\"><defs><style>.aed1427e-e5ff-4359-b373-334313c48315{fill:#1c2448;}<\/style><\/defs><path class=\"aed1427e-e5ff-4359-b373-334313c48315\" d=\"M8.8969,16.966V8.9071h8.0692V8.1012H8.8969V0H8.0693V8.1012H0v.8059H8.0693V16.966Z\" transform=\"translate(0 0.0001)\"><\/path><\/svg><\/span>\n\t\t\t\t\t\t\t\t<span class=\"elementor-toggle-icon-opened\"><svg xmlns=\"http:\/\/www.w3.org\/2000\/svg\" id=\"ef88faed-b140-41a0-9417-c1651f3bd4fc\" data-name=\"Layer 1\" width=\"13.785\" height=\"1.0074\" viewBox=\"0 0 13.785 1.0074\"><defs><style>.e3c7dd86-9752-467e-8574-885a4e9461bb{fill:#1c2448;}<\/style><\/defs><path class=\"e3c7dd86-9752-467e-8574-885a4e9461bb\" d=\"M13.785,1.0338V.0265H0V1.0338Z\" transform=\"translate(0 -0.0265)\"><\/path><\/svg><\/span>\n\t\t\t\t\t\t\t\t\t\t\t\t\t<\/span>\n\t\t\t\t\t\t\t\t\t\t\t\t<a class=\"elementor-toggle-title\" tabindex=\"0\">Quel est le d\u00e9lai pour d\u00e9poser le d\u00e9compte rectificatif ? (5\u00e8me d\u00e9compte)<\/a>\n\t\t\t\t\t<\/div>\n\n\t\t\t\t\t<div id=\"elementor-tab-content-4043\" class=\"elementor-tab-content elementor-clearfix\" data-tab=\"3\" role=\"region\" aria-labelledby=\"elementor-tab-title-4043\"><p>Le d\u00e9compte rectificatif parfois appel\u00e9 \u00ab\u00a05<sup>\u00e8me <\/sup>d\u00e9compte\u00a0\u00bb, qui ne contient que les diff\u00e9rences constat\u00e9es durant l\u2019ann\u00e9e, doit \u00eatre d\u00e9pos\u00e9 dans les <strong>180 jours<\/strong> suivant la fin de l\u2019exercice comptable.<\/p><\/div>\n\t\t\t\t<\/div>\n\t\t\t\t\t\t\t<div class=\"elementor-toggle-item\">\n\t\t\t\t\t<div id=\"elementor-tab-title-4044\" class=\"elementor-tab-title\" data-tab=\"4\" role=\"button\" aria-controls=\"elementor-tab-content-4044\" aria-expanded=\"false\">\n\t\t\t\t\t\t\t\t\t\t\t\t<span class=\"elementor-toggle-icon elementor-toggle-icon-right\" aria-hidden=\"true\">\n\t\t\t\t\t\t\t\t\t\t\t\t\t\t\t<span class=\"elementor-toggle-icon-closed\"><svg xmlns=\"http:\/\/www.w3.org\/2000\/svg\" id=\"a1e64e0c-4c41-4fca-8542-7a49c6092caa\" data-name=\"Layer 1\" width=\"16.9661\" height=\"16.9661\" viewBox=\"0 0 16.9661 16.9661\"><defs><style>.aed1427e-e5ff-4359-b373-334313c48315{fill:#1c2448;}<\/style><\/defs><path class=\"aed1427e-e5ff-4359-b373-334313c48315\" d=\"M8.8969,16.966V8.9071h8.0692V8.1012H8.8969V0H8.0693V8.1012H0v.8059H8.0693V16.966Z\" transform=\"translate(0 0.0001)\"><\/path><\/svg><\/span>\n\t\t\t\t\t\t\t\t<span class=\"elementor-toggle-icon-opened\"><svg xmlns=\"http:\/\/www.w3.org\/2000\/svg\" id=\"ef88faed-b140-41a0-9417-c1651f3bd4fc\" data-name=\"Layer 1\" width=\"13.785\" height=\"1.0074\" viewBox=\"0 0 13.785 1.0074\"><defs><style>.e3c7dd86-9752-467e-8574-885a4e9461bb{fill:#1c2448;}<\/style><\/defs><path class=\"e3c7dd86-9752-467e-8574-885a4e9461bb\" d=\"M13.785,1.0338V.0265H0V1.0338Z\" transform=\"translate(0 -0.0265)\"><\/path><\/svg><\/span>\n\t\t\t\t\t\t\t\t\t\t\t\t\t<\/span>\n\t\t\t\t\t\t\t\t\t\t\t\t<a class=\"elementor-toggle-title\" tabindex=\"0\">Que se passe-t-il si aucun d\u00e9compte suppl\u00e9mentaire n'est envoy\u00e9 \u00e0 l'Administration fiscale dans le d\u00e9lai de 180 jours ?<\/a>\n\t\t\t\t\t<\/div>\n\n\t\t\t\t\t<div id=\"elementor-tab-content-4044\" class=\"elementor-tab-content elementor-clearfix\" data-tab=\"4\" role=\"region\" aria-labelledby=\"elementor-tab-title-4044\"><p>L&rsquo;Administration f\u00e9d\u00e9rale des contributions part du principe que les travaux de r\u00e9conciliation ont \u00e9t\u00e9 r\u00e9alis\u00e9s sans r\u00e9v\u00e9ler d&rsquo;\u00e9cart et que la p\u00e9riode fiscale est contr\u00f4l\u00e9e et finalis\u00e9e. Cependant, en cas de contr\u00f4le, l&rsquo;absence de preuve de ces travaux peut \u00eatre consid\u00e9r\u00e9e comme un manquement.<\/p><\/div>\n\t\t\t\t<\/div>\n\t\t\t\t\t\t\t<div class=\"elementor-toggle-item\">\n\t\t\t\t\t<div id=\"elementor-tab-title-4045\" class=\"elementor-tab-title\" data-tab=\"5\" role=\"button\" aria-controls=\"elementor-tab-content-4045\" aria-expanded=\"false\">\n\t\t\t\t\t\t\t\t\t\t\t\t<span class=\"elementor-toggle-icon elementor-toggle-icon-right\" aria-hidden=\"true\">\n\t\t\t\t\t\t\t\t\t\t\t\t\t\t\t<span class=\"elementor-toggle-icon-closed\"><svg xmlns=\"http:\/\/www.w3.org\/2000\/svg\" id=\"a1e64e0c-4c41-4fca-8542-7a49c6092caa\" data-name=\"Layer 1\" width=\"16.9661\" height=\"16.9661\" viewBox=\"0 0 16.9661 16.9661\"><defs><style>.aed1427e-e5ff-4359-b373-334313c48315{fill:#1c2448;}<\/style><\/defs><path class=\"aed1427e-e5ff-4359-b373-334313c48315\" d=\"M8.8969,16.966V8.9071h8.0692V8.1012H8.8969V0H8.0693V8.1012H0v.8059H8.0693V16.966Z\" transform=\"translate(0 0.0001)\"><\/path><\/svg><\/span>\n\t\t\t\t\t\t\t\t<span class=\"elementor-toggle-icon-opened\"><svg xmlns=\"http:\/\/www.w3.org\/2000\/svg\" id=\"ef88faed-b140-41a0-9417-c1651f3bd4fc\" data-name=\"Layer 1\" width=\"13.785\" height=\"1.0074\" viewBox=\"0 0 13.785 1.0074\"><defs><style>.e3c7dd86-9752-467e-8574-885a4e9461bb{fill:#1c2448;}<\/style><\/defs><path class=\"e3c7dd86-9752-467e-8574-885a4e9461bb\" d=\"M13.785,1.0338V.0265H0V1.0338Z\" transform=\"translate(0 -0.0265)\"><\/path><\/svg><\/span>\n\t\t\t\t\t\t\t\t\t\t\t\t\t<\/span>\n\t\t\t\t\t\t\t\t\t\t\t\t<a class=\"elementor-toggle-title\" tabindex=\"0\">Comment un assujetti peut-il g\u00e9rer les risques TVA ?<\/a>\n\t\t\t\t\t<\/div>\n\n\t\t\t\t\t<div id=\"elementor-tab-content-4045\" class=\"elementor-tab-content elementor-clearfix\" data-tab=\"5\" role=\"region\" aria-labelledby=\"elementor-tab-title-4045\"><p>Il est essentiel d&rsquo;\u00e9tablir un bilan des points d&rsquo;attention relatifs \u00e0 l&rsquo;activit\u00e9 de l&rsquo;entreprise, d&rsquo;identifier les risques TVA potentiels, de les documenter et mettre en place des processus internes pour minimiser les risques. Une analyse d\u00e9taill\u00e9e et personnalis\u00e9e est n\u00e9cessaire pour se conformer aux obligations.<\/p><\/div>\n\t\t\t\t<\/div>\n\t\t\t\t\t\t\t\t\t\t<script type=\"application\/ld+json\">{\"@context\":\"https:\\\/\\\/schema.org\",\"@type\":\"FAQPage\",\"mainEntity\":[{\"@type\":\"Question\",\"name\":\"Qu'est-ce que la concordance TVA en Suisse ?\",\"acceptedAnswer\":{\"@type\":\"Answer\",\"text\":\"<p>La concordance TVA en Suisse est une obligation l\\u00e9gale qui implique que le contribuable v\\u00e9rifie l\\u2019exactitude des \\u00e9l\\u00e9ments d\\u00e9clar\\u00e9s tout au long de l\\u2019ann\\u00e9e dans ses d\\u00e9comptes, une fois l\\u2019ann\\u00e9e \\u00e9coul\\u00e9e.<\\\/p>\"}},{\"@type\":\"Question\",\"name\":\"Quels \\u00e9l\\u00e9ments doivent \\u00eatre inclus dans les travaux de concordance ?\",\"acceptedAnswer\":{\"@type\":\"Answer\",\"text\":\"<p>Les travaux de concordance doivent inclure tous le chiffres d&rsquo;affaires, qu&rsquo;ils soient imposables ou non, les produits sans incidence en mati\\u00e8re de TVA et l\\u2019imp\\u00f4t pr\\u00e9alable. Ils doivent justifier le traitement TVA et la bonne d\\u00e9claration des \\u00e9l\\u00e9ments pour l&rsquo;ann\\u00e9e fiscale enti\\u00e8re.<\\\/p>\"}},{\"@type\":\"Question\",\"name\":\"Quel est le d\\u00e9lai pour d\\u00e9poser le d\\u00e9compte rectificatif ? (5\\u00e8me d\\u00e9compte)\",\"acceptedAnswer\":{\"@type\":\"Answer\",\"text\":\"<p>Le d\\u00e9compte rectificatif parfois appel\\u00e9 \\u00ab\\u00a05<sup>\\u00e8me <\\\/sup>d\\u00e9compte\\u00a0\\u00bb, qui ne contient que les diff\\u00e9rences constat\\u00e9es durant l\\u2019ann\\u00e9e, doit \\u00eatre d\\u00e9pos\\u00e9 dans les <strong>180 jours<\\\/strong> suivant la fin de l\\u2019exercice comptable.<\\\/p>\"}},{\"@type\":\"Question\",\"name\":\"Que se passe-t-il si aucun d\\u00e9compte suppl\\u00e9mentaire n'est envoy\\u00e9 \\u00e0 l'Administration fiscale dans le d\\u00e9lai de 180 jours ?\",\"acceptedAnswer\":{\"@type\":\"Answer\",\"text\":\"<p>L&rsquo;Administration f\\u00e9d\\u00e9rale des contributions part du principe que les travaux de r\\u00e9conciliation ont \\u00e9t\\u00e9 r\\u00e9alis\\u00e9s sans r\\u00e9v\\u00e9ler d&rsquo;\\u00e9cart et que la p\\u00e9riode fiscale est contr\\u00f4l\\u00e9e et finalis\\u00e9e. Cependant, en cas de contr\\u00f4le, l&rsquo;absence de preuve de ces travaux peut \\u00eatre consid\\u00e9r\\u00e9e comme un manquement.<\\\/p>\"}},{\"@type\":\"Question\",\"name\":\"Comment un assujetti peut-il g\\u00e9rer les risques TVA ?\",\"acceptedAnswer\":{\"@type\":\"Answer\",\"text\":\"<p>Il est essentiel d&rsquo;\\u00e9tablir un bilan des points d&rsquo;attention relatifs \\u00e0 l&rsquo;activit\\u00e9 de l&rsquo;entreprise, d&rsquo;identifier les risques TVA potentiels, de les documenter et mettre en place des processus internes pour minimiser les risques. Une analyse d\\u00e9taill\\u00e9e et personnalis\\u00e9e est n\\u00e9cessaire pour se conformer aux obligations.<\\\/p>\"}}]}<\/script>\n\t\t\t\t\t<\/div>\n\t\t\t\t\t\t<\/div>\n\t\t\t\t<\/div>\n\t\t\t\t\t<\/div>\n\t\t<\/div>\n\t\t\t\t\t<\/div>\n\t\t<\/section>\n\t\t\t\t<\/div>\n\t\t","protected":false},"excerpt":{"rendered":"<p>VAT reconciliation in Switzerland is an annual procedure that plays a key role in ensuring that companies comply with their tax obligations.<\/p>\n<p>The annual VAT reconciliation is more than just a legal formality: it also gives taxpayers who have sent in incorrect statements the opportunity to correct them and avoid any penalties.<\/p>","protected":false},"author":1,"featured_media":32207,"comment_status":"open","ping_status":"open","sticky":false,"template":"","format":"standard","meta":{"_et_pb_use_builder":"","_et_pb_old_content":"","_et_gb_content_width":"","content-type":"","footnotes":""},"categories":[1],"tags":[],"class_list":["post-32195","post","type-post","status-publish","format-standard","has-post-thumbnail","hentry","category-divers"],"_links":{"self":[{"href":"https:\/\/www.tax-services.ch\/en\/wp-json\/wp\/v2\/posts\/32195","targetHints":{"allow":["GET"]}}],"collection":[{"href":"https:\/\/www.tax-services.ch\/en\/wp-json\/wp\/v2\/posts"}],"about":[{"href":"https:\/\/www.tax-services.ch\/en\/wp-json\/wp\/v2\/types\/post"}],"author":[{"embeddable":true,"href":"https:\/\/www.tax-services.ch\/en\/wp-json\/wp\/v2\/users\/1"}],"replies":[{"embeddable":true,"href":"https:\/\/www.tax-services.ch\/en\/wp-json\/wp\/v2\/comments?post=32195"}],"version-history":[{"count":42,"href":"https:\/\/www.tax-services.ch\/en\/wp-json\/wp\/v2\/posts\/32195\/revisions"}],"predecessor-version":[{"id":33647,"href":"https:\/\/www.tax-services.ch\/en\/wp-json\/wp\/v2\/posts\/32195\/revisions\/33647"}],"wp:featuredmedia":[{"embeddable":true,"href":"https:\/\/www.tax-services.ch\/en\/wp-json\/wp\/v2\/media\/32207"}],"wp:attachment":[{"href":"https:\/\/www.tax-services.ch\/en\/wp-json\/wp\/v2\/media?parent=32195"}],"wp:term":[{"taxonomy":"category","embeddable":true,"href":"https:\/\/www.tax-services.ch\/en\/wp-json\/wp\/v2\/categories?post=32195"},{"taxonomy":"post_tag","embeddable":true,"href":"https:\/\/www.tax-services.ch\/en\/wp-json\/wp\/v2\/tags?post=32195"}],"curies":[{"name":"wp","href":"https:\/\/api.w.org\/{rel}","templated":true}]}}